{"id":5493,"date":"2025-09-17T09:50:45","date_gmt":"2025-09-17T09:50:45","guid":{"rendered":"https:\/\/www.abchukuk.com\/index.php\/2025\/09\/17\/hatayda-hapis-cezasiyla-aranan-kisi-yakalandi\/"},"modified":"2025-09-17T09:50:45","modified_gmt":"2025-09-17T09:50:45","slug":"hatayda-hapis-cezasiyla-aranan-kisi-yakalandi","status":"publish","type":"post","link":"https:\/\/www.abchukuk.com\/index.php\/2025\/09\/17\/hatayda-hapis-cezasiyla-aranan-kisi-yakalandi\/","title":{"rendered":"Hatay&#8217;da Hapis Cezas\u0131yla Aranan Ki\u015fi Yakaland\u0131"},"content":{"rendered":"<p><a href=\"https:\/\/www.gercekgundem.com\/yurttan-haberler\/hatayda-hapis-cezasiyla-aranan-kisi-yakalandi-555698\"><br \/>\n                                                            <img decoding=\"async\" src=\"https:\/\/i.gercekgundem.com\/2\/150\/84\/storage\/files\/images\/2025\/09\/17\/hatayda-hapis-cezasiyla-aranan-kisi-yakalandi-uyf6.jpg\" width=\"150\" height=\"84\" border=\"0\" align=\"right\" \/><br \/>\n                                                    <\/a><\/p>\n<h4>Hatay\u2019\u0131n \u0130skenderun il\u00e7esinde, hakk\u0131nda gece vakti ya\u011fma su\u00e7undan kesinle\u015fmi\u015f hapis cezas\u0131 bulunan bir \u015fah\u0131s polis ekipleri taraf\u0131ndan yakaland\u0131.<\/h4>\n<p>Hatay\u2019\u0131n \u0130skenderun il\u00e7esinde, hakk\u0131nda gece vakti ya\u011fma su\u00e7undan kesinle\u015fmi\u015f hapis cezas\u0131 bulunan bir \u015fah\u0131s polis ekipleri taraf\u0131ndan yakaland\u0131.\u00a0<a href=\"https:\/\/www.gercekgundem.com\/yurttan-haberler\/hatayda-hapis-cezasiyla-aranan-kisi-yakalandi-555698\" target=\"_blank\" class=\"feedzy-rss-link-icon\">Read More<\/a><\/p>","protected":false},"excerpt":{"rendered":"<p>Hatay\u2019\u0131n \u0130skenderun il\u00e7esinde, hakk\u0131nda gece vakti ya\u011fma su\u00e7undan kesinle\u015fmi\u015f hapis cezas\u0131 bulunan bir \u015fah\u0131s polis ekipleri taraf\u0131ndan yakaland\u0131. Hatay\u2019\u0131n \u0130skenderun il\u00e7esinde, hakk\u0131nda gece vakti ya\u011fma su\u00e7undan kesinle\u015fmi\u015f hapis cezas\u0131 bulunan bir \u015fah\u0131s polis ekipleri taraf\u0131ndan yakaland\u0131.\u00a0Read More<\/p>\n","protected":false},"author":1,"featured_media":5494,"comment_status":"open","ping_status":"open","sticky":false,"template":"","format":"standard","meta":{"footnotes":"","_links_to":"","_links_to_target":""},"categories":[1],"tags":[],"class_list":["post-5493","post","type-post","status-publish","format-standard","has-post-thumbnail","hentry","category-haberler"],"_links":{"self":[{"href":"https:\/\/www.abchukuk.com\/index.php\/wp-json\/wp\/v2\/posts\/5493","targetHints":{"allow":["GET"]}}],"collection":[{"href":"https:\/\/www.abchukuk.com\/index.php\/wp-json\/wp\/v2\/posts"}],"about":[{"href":"https:\/\/www.abchukuk.com\/index.php\/wp-json\/wp\/v2\/types\/post"}],"author":[{"embeddable":true,"href":"https:\/\/www.abchukuk.com\/index.php\/wp-json\/wp\/v2\/users\/1"}],"replies":[{"embeddable":true,"href":"https:\/\/www.abchukuk.com\/index.php\/wp-json\/wp\/v2\/comments?post=5493"}],"version-history":[{"count":0,"href":"https:\/\/www.abchukuk.com\/index.php\/wp-json\/wp\/v2\/posts\/5493\/revisions"}],"wp:featuredmedia":[{"embeddable":true,"href":"https:\/\/www.abchukuk.com\/index.php\/wp-json\/wp\/v2\/media\/5494"}],"wp:attachment":[{"href":"https:\/\/www.abchukuk.com\/index.php\/wp-json\/wp\/v2\/media?parent=5493"}],"wp:term":[{"taxonomy":"category","embeddable":true,"href":"https:\/\/www.abchukuk.com\/index.php\/wp-json\/wp\/v2\/categories?post=5493"},{"taxonomy":"post_tag","embeddable":true,"href":"https:\/\/www.abchukuk.com\/index.php\/wp-json\/wp\/v2\/tags?post=5493"}],"curies":[{"name":"wp","href":"https:\/\/api.w.org\/{rel}","templated":true}]}}