{"id":5491,"date":"2025-09-17T09:52:00","date_gmt":"2025-09-17T09:52:00","guid":{"rendered":"https:\/\/www.abchukuk.com\/index.php\/2025\/09\/17\/orkun-ozeller-kimdir-emekli-albay-orkun-ozeller-neden-gozaltina-alindi\/"},"modified":"2025-09-17T09:52:00","modified_gmt":"2025-09-17T09:52:00","slug":"orkun-ozeller-kimdir-emekli-albay-orkun-ozeller-neden-gozaltina-alindi","status":"publish","type":"post","link":"https:\/\/www.abchukuk.com\/index.php\/2025\/09\/17\/orkun-ozeller-kimdir-emekli-albay-orkun-ozeller-neden-gozaltina-alindi\/","title":{"rendered":"Orkun \u00d6zeller kimdir? Emekli Albay Orkun \u00d6zeller neden g\u00f6zalt\u0131na al\u0131nd\u0131?"},"content":{"rendered":"<p>MHP y\u00f6neticilerinin tehdit etti\u011fi Emekli Albay Orkun \u00d6zeller hakk\u0131nda g\u00f6zalt\u0131 karar\u0131 verildi\u011fi \u00f6\u011frenildi. Peki, Orkun \u00d6zeller kimdir? Emekli Albay Orkun \u00d6zeller neden g\u00f6zalt\u0131na al\u0131nd\u0131?MHP y\u00f6neticilerinin tehdit etti\u011fi Emekli Albay Orkun \u00d6zeller hakk\u0131nda g\u00f6zalt\u0131 karar\u0131 verildi\u011fi \u00f6\u011frenildi. Peki, Orkun \u00d6zeller kimdir? Emekli Albay Orkun \u00d6zeller neden g\u00f6zalt\u0131na al\u0131nd\u0131?\u00a0<a href=\"https:\/\/www.cumhuriyet.com.tr\/turkiye\/orkun-ozeller-kimdir-emekli-albay-orkun-ozeller-neden-gozaltina-alindi-2435890\" target=\"_blank\" class=\"feedzy-rss-link-icon\">Read More<\/a><\/p>","protected":false},"excerpt":{"rendered":"<p>MHP y\u00f6neticilerinin tehdit etti\u011fi Emekli Albay Orkun \u00d6zeller hakk\u0131nda g\u00f6zalt\u0131 karar\u0131 verildi\u011fi \u00f6\u011frenildi. Peki, Orkun \u00d6zeller kimdir? Emekli Albay Orkun \u00d6zeller neden g\u00f6zalt\u0131na al\u0131nd\u0131?MHP y\u00f6neticilerinin tehdit etti\u011fi Emekli Albay Orkun \u00d6zeller hakk\u0131nda g\u00f6zalt\u0131 karar\u0131 verildi\u011fi \u00f6\u011frenildi. Peki, Orkun \u00d6zeller kimdir? Emekli Albay Orkun \u00d6zeller neden g\u00f6zalt\u0131na al\u0131nd\u0131?\u00a0Read More<\/p>\n","protected":false},"author":1,"featured_media":5492,"comment_status":"open","ping_status":"open","sticky":false,"template":"","format":"standard","meta":{"footnotes":"","_links_to":"","_links_to_target":""},"categories":[1],"tags":[],"class_list":["post-5491","post","type-post","status-publish","format-standard","has-post-thumbnail","hentry","category-haberler"],"_links":{"self":[{"href":"https:\/\/www.abchukuk.com\/index.php\/wp-json\/wp\/v2\/posts\/5491","targetHints":{"allow":["GET"]}}],"collection":[{"href":"https:\/\/www.abchukuk.com\/index.php\/wp-json\/wp\/v2\/posts"}],"about":[{"href":"https:\/\/www.abchukuk.com\/index.php\/wp-json\/wp\/v2\/types\/post"}],"author":[{"embeddable":true,"href":"https:\/\/www.abchukuk.com\/index.php\/wp-json\/wp\/v2\/users\/1"}],"replies":[{"embeddable":true,"href":"https:\/\/www.abchukuk.com\/index.php\/wp-json\/wp\/v2\/comments?post=5491"}],"version-history":[{"count":0,"href":"https:\/\/www.abchukuk.com\/index.php\/wp-json\/wp\/v2\/posts\/5491\/revisions"}],"wp:featuredmedia":[{"embeddable":true,"href":"https:\/\/www.abchukuk.com\/index.php\/wp-json\/wp\/v2\/media\/5492"}],"wp:attachment":[{"href":"https:\/\/www.abchukuk.com\/index.php\/wp-json\/wp\/v2\/media?parent=5491"}],"wp:term":[{"taxonomy":"category","embeddable":true,"href":"https:\/\/www.abchukuk.com\/index.php\/wp-json\/wp\/v2\/categories?post=5491"},{"taxonomy":"post_tag","embeddable":true,"href":"https:\/\/www.abchukuk.com\/index.php\/wp-json\/wp\/v2\/tags?post=5491"}],"curies":[{"name":"wp","href":"https:\/\/api.w.org\/{rel}","templated":true}]}}