{"id":5487,"date":"2025-09-17T08:29:27","date_gmt":"2025-09-17T08:29:27","guid":{"rendered":"https:\/\/www.abchukuk.com\/index.php\/2025\/09\/17\/her-detayi-kan-donduran-dava-cinsel-saldiri-tehdit-yaralama-hem-esine-hem-kizina-dehseti-yasatti\/"},"modified":"2025-09-17T08:29:27","modified_gmt":"2025-09-17T08:29:27","slug":"her-detayi-kan-donduran-dava-cinsel-saldiri-tehdit-yaralama-hem-esine-hem-kizina-dehseti-yasatti","status":"publish","type":"post","link":"https:\/\/www.abchukuk.com\/index.php\/2025\/09\/17\/her-detayi-kan-donduran-dava-cinsel-saldiri-tehdit-yaralama-hem-esine-hem-kizina-dehseti-yasatti\/","title":{"rendered":"Her Detay\u0131 Kan Donduran Dava! Cinsel Sald\u0131r\u0131, Tehdit, Yaralama\u2026 Hem E\u015fine Hem K\u0131z\u0131na Deh\u015feti Ya\u015fatt\u0131"},"content":{"rendered":"<p><a href=\"https:\/\/www.gercekgundem.com\/guncel\/her-detayi-kan-donduran-dava-cinsel-saldiri-tehdit-yaralama-hem-esine-hem-kizina-dehseti-yasatti-555680\"><br \/>\n                                                            <img decoding=\"async\" src=\"https:\/\/i.gercekgundem.com\/2\/150\/84\/storage\/files\/images\/2025\/09\/17\/her-detayi-kan-donduran-dava-cinsel-saldiri-tehdit-yaralama-hem-esine-hem-kizina-dehseti-yasatti-ewsz.png\" width=\"150\" height=\"84\" border=\"0\" align=\"right\" \/><br \/>\n                                                    <\/a><\/p>\n<h4>\u0130stanbul\u2019da ya\u015fayan Kader K, e\u015finin kendisine 2 y\u0131ld\u0131r hem fiziki hem de cinsel \u015fiddet uygulad\u0131\u011f\u0131n\u0131 iddia ederek \u015fikayet\u00e7i oldu. A\u00e7\u0131lan dava annenin e\u015finin 7 ya\u015f\u0131ndaki \u00e7ocu\u011funu istismar etti\u011fini iddia etmesiyle devam etti. Korkun\u00e7 iddia sonras\u0131nda \u015f\u00fcpheli Adem K. &#8220;e\u015fe kar\u015f\u0131 nitelikli cinsel sald\u0131r\u0131&#8221;, &#8220;kad\u0131na kar\u015f\u0131 tehdit&#8221; ve &#8220;basit yaralama&#8221; su\u00e7lamas\u0131yla tutukland\u0131.<\/h4>\n<p>\u0130stanbul\u2019da ya\u015fayan Kader K, e\u015finin kendisine 2 y\u0131ld\u0131r hem fiziki hem de cinsel \u015fiddet uygulad\u0131\u011f\u0131n\u0131 iddia ederek \u015fikayet\u00e7i oldu. A\u00e7\u0131lan dava annenin e\u015finin 7 ya\u015f\u0131ndaki \u00e7ocu\u011funu istismar etti\u011fini iddia etmesiyle devam etti. Korkun\u00e7 iddia sonras\u0131nda \u015f\u00fcpheli Adem K. &#8220;e\u015fe kar\u015f\u0131 nitelikli cinsel sald\u0131r\u0131&#8221;, &#8220;kad\u0131na kar\u015f\u0131 tehdit&#8221; ve &#8220;basit yaralama&#8221; su\u00e7lamas\u0131yla tutukland\u0131.\u00a0<a href=\"https:\/\/www.gercekgundem.com\/guncel\/her-detayi-kan-donduran-dava-cinsel-saldiri-tehdit-yaralama-hem-esine-hem-kizina-dehseti-yasatti-555680\" target=\"_blank\" class=\"feedzy-rss-link-icon\">Read More<\/a><\/p>","protected":false},"excerpt":{"rendered":"<p>\u0130stanbul\u2019da ya\u015fayan Kader K, e\u015finin kendisine 2 y\u0131ld\u0131r hem fiziki hem de cinsel \u015fiddet uygulad\u0131\u011f\u0131n\u0131 iddia ederek \u015fikayet\u00e7i oldu. A\u00e7\u0131lan dava annenin e\u015finin 7 ya\u015f\u0131ndaki \u00e7ocu\u011funu istismar etti\u011fini iddia etmesiyle devam etti. Korkun\u00e7 iddia sonras\u0131nda \u015f\u00fcpheli Adem K. &#8220;e\u015fe kar\u015f\u0131 nitelikli cinsel sald\u0131r\u0131&#8221;, &#8220;kad\u0131na kar\u015f\u0131 tehdit&#8221; ve &#8220;basit yaralama&#8221; su\u00e7lamas\u0131yla tutukland\u0131. \u0130stanbul\u2019da ya\u015fayan Kader K, [&hellip;]<\/p>\n","protected":false},"author":1,"featured_media":5488,"comment_status":"open","ping_status":"open","sticky":false,"template":"","format":"standard","meta":{"footnotes":"","_links_to":"","_links_to_target":""},"categories":[1],"tags":[],"class_list":["post-5487","post","type-post","status-publish","format-standard","has-post-thumbnail","hentry","category-haberler"],"_links":{"self":[{"href":"https:\/\/www.abchukuk.com\/index.php\/wp-json\/wp\/v2\/posts\/5487","targetHints":{"allow":["GET"]}}],"collection":[{"href":"https:\/\/www.abchukuk.com\/index.php\/wp-json\/wp\/v2\/posts"}],"about":[{"href":"https:\/\/www.abchukuk.com\/index.php\/wp-json\/wp\/v2\/types\/post"}],"author":[{"embeddable":true,"href":"https:\/\/www.abchukuk.com\/index.php\/wp-json\/wp\/v2\/users\/1"}],"replies":[{"embeddable":true,"href":"https:\/\/www.abchukuk.com\/index.php\/wp-json\/wp\/v2\/comments?post=5487"}],"version-history":[{"count":0,"href":"https:\/\/www.abchukuk.com\/index.php\/wp-json\/wp\/v2\/posts\/5487\/revisions"}],"wp:featuredmedia":[{"embeddable":true,"href":"https:\/\/www.abchukuk.com\/index.php\/wp-json\/wp\/v2\/media\/5488"}],"wp:attachment":[{"href":"https:\/\/www.abchukuk.com\/index.php\/wp-json\/wp\/v2\/media?parent=5487"}],"wp:term":[{"taxonomy":"category","embeddable":true,"href":"https:\/\/www.abchukuk.com\/index.php\/wp-json\/wp\/v2\/categories?post=5487"},{"taxonomy":"post_tag","embeddable":true,"href":"https:\/\/www.abchukuk.com\/index.php\/wp-json\/wp\/v2\/tags?post=5487"}],"curies":[{"name":"wp","href":"https:\/\/api.w.org\/{rel}","templated":true}]}}