{"id":5481,"date":"2025-09-17T07:15:00","date_gmt":"2025-09-17T07:15:00","guid":{"rendered":"https:\/\/www.abchukuk.com\/index.php\/2025\/09\/17\/koycegiz-belediyesine-operasyon-baskan-yardimcisi-gozaltinda-2\/"},"modified":"2025-09-17T07:15:00","modified_gmt":"2025-09-17T07:15:00","slug":"koycegiz-belediyesine-operasyon-baskan-yardimcisi-gozaltinda-2","status":"publish","type":"post","link":"https:\/\/www.abchukuk.com\/index.php\/2025\/09\/17\/koycegiz-belediyesine-operasyon-baskan-yardimcisi-gozaltinda-2\/","title":{"rendered":"K\u00f6yce\u011fiz Belediyesi&#8217;ne Operasyon: Ba\u015fkan Yard\u0131mc\u0131s\u0131 G\u00f6zalt\u0131nda"},"content":{"rendered":"<p><a href=\"https:\/\/www.gercekgundem.com\/siyaset\/koycegiz-belediyesine-operasyon-baskan-yardimcisi-gozaltinda-555667\"><br \/>\n                                                            <img decoding=\"async\" src=\"https:\/\/i.gercekgundem.com\/2\/150\/84\/storage\/files\/images\/2025\/09\/17\/koycegiz-belediyesine-operasyon-baskan-yardimcisi-gozaltinda-dx6k.jpg\" width=\"150\" height=\"84\" border=\"0\" align=\"right\" \/><br \/>\n                                                    <\/a><\/p>\n<h4>K\u00f6yce\u011fiz Belediyesi&#8217;ne sabah erken saatlerde operasyon yap\u0131ld\u0131. Operasyon kapsam\u0131nda Belediye Ba\u015fkan Yard\u0131mc\u0131s\u0131 \u00d6zg\u00fcr \u00d6rnek\u2019in g\u00f6zalt\u0131na al\u0131nd\u0131\u011f\u0131 belirtildi.<\/h4>\n<p>K\u00f6yce\u011fiz Belediyesi&#8217;ne sabah erken saatlerde operasyon yap\u0131ld\u0131. Operasyon kapsam\u0131nda Belediye Ba\u015fkan Yard\u0131mc\u0131s\u0131 \u00d6zg\u00fcr \u00d6rnek\u2019in g\u00f6zalt\u0131na al\u0131nd\u0131\u011f\u0131 belirtildi.\u00a0<a href=\"https:\/\/www.gercekgundem.com\/siyaset\/koycegiz-belediyesine-operasyon-baskan-yardimcisi-gozaltinda-555667\" target=\"_blank\" class=\"feedzy-rss-link-icon\">Read More<\/a><\/p>","protected":false},"excerpt":{"rendered":"<p>K\u00f6yce\u011fiz Belediyesi&#8217;ne sabah erken saatlerde operasyon yap\u0131ld\u0131. Operasyon kapsam\u0131nda Belediye Ba\u015fkan Yard\u0131mc\u0131s\u0131 \u00d6zg\u00fcr \u00d6rnek\u2019in g\u00f6zalt\u0131na al\u0131nd\u0131\u011f\u0131 belirtildi. K\u00f6yce\u011fiz Belediyesi&#8217;ne sabah erken saatlerde operasyon yap\u0131ld\u0131. Operasyon kapsam\u0131nda Belediye Ba\u015fkan Yard\u0131mc\u0131s\u0131 \u00d6zg\u00fcr \u00d6rnek\u2019in g\u00f6zalt\u0131na al\u0131nd\u0131\u011f\u0131 belirtildi.\u00a0Read More<\/p>\n","protected":false},"author":1,"featured_media":5482,"comment_status":"open","ping_status":"open","sticky":false,"template":"","format":"standard","meta":{"footnotes":"","_links_to":"","_links_to_target":""},"categories":[1],"tags":[],"class_list":["post-5481","post","type-post","status-publish","format-standard","has-post-thumbnail","hentry","category-haberler"],"_links":{"self":[{"href":"https:\/\/www.abchukuk.com\/index.php\/wp-json\/wp\/v2\/posts\/5481","targetHints":{"allow":["GET"]}}],"collection":[{"href":"https:\/\/www.abchukuk.com\/index.php\/wp-json\/wp\/v2\/posts"}],"about":[{"href":"https:\/\/www.abchukuk.com\/index.php\/wp-json\/wp\/v2\/types\/post"}],"author":[{"embeddable":true,"href":"https:\/\/www.abchukuk.com\/index.php\/wp-json\/wp\/v2\/users\/1"}],"replies":[{"embeddable":true,"href":"https:\/\/www.abchukuk.com\/index.php\/wp-json\/wp\/v2\/comments?post=5481"}],"version-history":[{"count":0,"href":"https:\/\/www.abchukuk.com\/index.php\/wp-json\/wp\/v2\/posts\/5481\/revisions"}],"wp:featuredmedia":[{"embeddable":true,"href":"https:\/\/www.abchukuk.com\/index.php\/wp-json\/wp\/v2\/media\/5482"}],"wp:attachment":[{"href":"https:\/\/www.abchukuk.com\/index.php\/wp-json\/wp\/v2\/media?parent=5481"}],"wp:term":[{"taxonomy":"category","embeddable":true,"href":"https:\/\/www.abchukuk.com\/index.php\/wp-json\/wp\/v2\/categories?post=5481"},{"taxonomy":"post_tag","embeddable":true,"href":"https:\/\/www.abchukuk.com\/index.php\/wp-json\/wp\/v2\/tags?post=5481"}],"curies":[{"name":"wp","href":"https:\/\/api.w.org\/{rel}","templated":true}]}}