{"id":5479,"date":"2025-09-17T07:21:00","date_gmt":"2025-09-17T07:21:00","guid":{"rendered":"https:\/\/www.abchukuk.com\/index.php\/2025\/09\/17\/buca-belediyesinde-uzlasma-saglandi-iscilerin-eylemi-sona-erdi\/"},"modified":"2025-09-17T07:21:00","modified_gmt":"2025-09-17T07:21:00","slug":"buca-belediyesinde-uzlasma-saglandi-iscilerin-eylemi-sona-erdi","status":"publish","type":"post","link":"https:\/\/www.abchukuk.com\/index.php\/2025\/09\/17\/buca-belediyesinde-uzlasma-saglandi-iscilerin-eylemi-sona-erdi\/","title":{"rendered":"Buca Belediyesi&#8217;nde uzla\u015fma sa\u011fland\u0131, i\u015f\u00e7ilerin eylemi sona erdi"},"content":{"rendered":"<p>\u0130zmir Buca Belediyesi&#8217;nde i\u015f\u00e7iler ile D\u0130SK Genel \u0130\u015f \u0130zmir 6 No&#8217;lu \u015eube \u00fcyelerinin 9 Eyl\u00fcl&#8217;de ba\u015flatt\u0131klar\u0131 i\u015f b\u0131rakma eylemi d\u00fcn sendika ile belediye y\u00f6netiminin uzla\u015fmas\u0131yla sona erdi.\u0130zmir Buca Belediyesi&#8217;nde i\u015f\u00e7iler ile D\u0130SK Genel \u0130\u015f \u0130zmir 6 No&#8217;lu \u015eube \u00fcyelerinin 9 Eyl\u00fcl&#8217;de ba\u015flatt\u0131klar\u0131 i\u015f b\u0131rakma eylemi d\u00fcn sendika ile belediye y\u00f6netiminin uzla\u015fmas\u0131yla sona erdi.\u00a0<a href=\"https:\/\/www.cumhuriyet.com.tr\/yerel-gundem\/buca-belediyesi-nde-uzlasma-saglandi-iscilerin-eylemi-sona-erdi-2435813\" target=\"_blank\" class=\"feedzy-rss-link-icon\">Read More<\/a><\/p>","protected":false},"excerpt":{"rendered":"<p>\u0130zmir Buca Belediyesi&#8217;nde i\u015f\u00e7iler ile D\u0130SK Genel \u0130\u015f \u0130zmir 6 No&#8217;lu \u015eube \u00fcyelerinin 9 Eyl\u00fcl&#8217;de ba\u015flatt\u0131klar\u0131 i\u015f b\u0131rakma eylemi d\u00fcn sendika ile belediye y\u00f6netiminin uzla\u015fmas\u0131yla sona erdi.\u0130zmir Buca Belediyesi&#8217;nde i\u015f\u00e7iler ile D\u0130SK Genel \u0130\u015f \u0130zmir 6 No&#8217;lu \u015eube \u00fcyelerinin 9 Eyl\u00fcl&#8217;de ba\u015flatt\u0131klar\u0131 i\u015f b\u0131rakma eylemi d\u00fcn sendika ile belediye y\u00f6netiminin uzla\u015fmas\u0131yla sona erdi.\u00a0Read More<\/p>\n","protected":false},"author":1,"featured_media":5480,"comment_status":"open","ping_status":"open","sticky":false,"template":"","format":"standard","meta":{"footnotes":"","_links_to":"","_links_to_target":""},"categories":[1],"tags":[],"class_list":["post-5479","post","type-post","status-publish","format-standard","has-post-thumbnail","hentry","category-haberler"],"_links":{"self":[{"href":"https:\/\/www.abchukuk.com\/index.php\/wp-json\/wp\/v2\/posts\/5479","targetHints":{"allow":["GET"]}}],"collection":[{"href":"https:\/\/www.abchukuk.com\/index.php\/wp-json\/wp\/v2\/posts"}],"about":[{"href":"https:\/\/www.abchukuk.com\/index.php\/wp-json\/wp\/v2\/types\/post"}],"author":[{"embeddable":true,"href":"https:\/\/www.abchukuk.com\/index.php\/wp-json\/wp\/v2\/users\/1"}],"replies":[{"embeddable":true,"href":"https:\/\/www.abchukuk.com\/index.php\/wp-json\/wp\/v2\/comments?post=5479"}],"version-history":[{"count":0,"href":"https:\/\/www.abchukuk.com\/index.php\/wp-json\/wp\/v2\/posts\/5479\/revisions"}],"wp:featuredmedia":[{"embeddable":true,"href":"https:\/\/www.abchukuk.com\/index.php\/wp-json\/wp\/v2\/media\/5480"}],"wp:attachment":[{"href":"https:\/\/www.abchukuk.com\/index.php\/wp-json\/wp\/v2\/media?parent=5479"}],"wp:term":[{"taxonomy":"category","embeddable":true,"href":"https:\/\/www.abchukuk.com\/index.php\/wp-json\/wp\/v2\/categories?post=5479"},{"taxonomy":"post_tag","embeddable":true,"href":"https:\/\/www.abchukuk.com\/index.php\/wp-json\/wp\/v2\/tags?post=5479"}],"curies":[{"name":"wp","href":"https:\/\/api.w.org\/{rel}","templated":true}]}}