{"id":5477,"date":"2025-09-17T07:36:00","date_gmt":"2025-09-17T07:36:00","guid":{"rendered":"https:\/\/www.abchukuk.com\/index.php\/2025\/09\/17\/koycegiz-belediyesine-operasyon-baskan-yardimcisi-gozaltinda\/"},"modified":"2025-09-17T07:36:00","modified_gmt":"2025-09-17T07:36:00","slug":"koycegiz-belediyesine-operasyon-baskan-yardimcisi-gozaltinda","status":"publish","type":"post","link":"https:\/\/www.abchukuk.com\/index.php\/2025\/09\/17\/koycegiz-belediyesine-operasyon-baskan-yardimcisi-gozaltinda\/","title":{"rendered":"K\u00f6yce\u011fiz Belediyesi&#8217;ne operasyon: Ba\u015fkan Yard\u0131mc\u0131s\u0131 g\u00f6zalt\u0131nda!"},"content":{"rendered":"<p>Mu\u011fla&#8217;da K\u00f6yce\u011fiz Belediyesi&#8217;ne sabah saatlerinde operasyon d\u00fczenlendi. Savc\u0131l\u0131k taraf\u0131ndan ba\u015flat\u0131lan soru\u015fturma kapsam\u0131nda K\u00f6yce\u011fiz Belediye Ba\u015fkan Yard\u0131mc\u0131s\u0131 \u00d6zg\u00fcr \u00d6rnek g\u00f6zalt\u0131na al\u0131nd\u0131.Mu\u011fla&#8217;da K\u00f6yce\u011fiz Belediyesi&#8217;ne sabah saatlerinde operasyon d\u00fczenlendi. Savc\u0131l\u0131k taraf\u0131ndan ba\u015flat\u0131lan soru\u015fturma kapsam\u0131nda K\u00f6yce\u011fiz Belediye Ba\u015fkan Yard\u0131mc\u0131s\u0131 \u00d6zg\u00fcr \u00d6rnek g\u00f6zalt\u0131na al\u0131nd\u0131.\u00a0<a href=\"https:\/\/www.cumhuriyet.com.tr\/siyaset\/koycegiz-belediyesi-ne-operasyon-baskan-yardimcisi-gozaltinda-2435820\" target=\"_blank\" class=\"feedzy-rss-link-icon\">Read More<\/a><\/p>","protected":false},"excerpt":{"rendered":"<p>Mu\u011fla&#8217;da K\u00f6yce\u011fiz Belediyesi&#8217;ne sabah saatlerinde operasyon d\u00fczenlendi. Savc\u0131l\u0131k taraf\u0131ndan ba\u015flat\u0131lan soru\u015fturma kapsam\u0131nda K\u00f6yce\u011fiz Belediye Ba\u015fkan Yard\u0131mc\u0131s\u0131 \u00d6zg\u00fcr \u00d6rnek g\u00f6zalt\u0131na al\u0131nd\u0131.Mu\u011fla&#8217;da K\u00f6yce\u011fiz Belediyesi&#8217;ne sabah saatlerinde operasyon d\u00fczenlendi. Savc\u0131l\u0131k taraf\u0131ndan ba\u015flat\u0131lan soru\u015fturma kapsam\u0131nda K\u00f6yce\u011fiz Belediye Ba\u015fkan Yard\u0131mc\u0131s\u0131 \u00d6zg\u00fcr \u00d6rnek g\u00f6zalt\u0131na al\u0131nd\u0131.\u00a0Read More<\/p>\n","protected":false},"author":1,"featured_media":5478,"comment_status":"open","ping_status":"open","sticky":false,"template":"","format":"standard","meta":{"footnotes":"","_links_to":"","_links_to_target":""},"categories":[1],"tags":[],"class_list":["post-5477","post","type-post","status-publish","format-standard","has-post-thumbnail","hentry","category-haberler"],"_links":{"self":[{"href":"https:\/\/www.abchukuk.com\/index.php\/wp-json\/wp\/v2\/posts\/5477","targetHints":{"allow":["GET"]}}],"collection":[{"href":"https:\/\/www.abchukuk.com\/index.php\/wp-json\/wp\/v2\/posts"}],"about":[{"href":"https:\/\/www.abchukuk.com\/index.php\/wp-json\/wp\/v2\/types\/post"}],"author":[{"embeddable":true,"href":"https:\/\/www.abchukuk.com\/index.php\/wp-json\/wp\/v2\/users\/1"}],"replies":[{"embeddable":true,"href":"https:\/\/www.abchukuk.com\/index.php\/wp-json\/wp\/v2\/comments?post=5477"}],"version-history":[{"count":0,"href":"https:\/\/www.abchukuk.com\/index.php\/wp-json\/wp\/v2\/posts\/5477\/revisions"}],"wp:featuredmedia":[{"embeddable":true,"href":"https:\/\/www.abchukuk.com\/index.php\/wp-json\/wp\/v2\/media\/5478"}],"wp:attachment":[{"href":"https:\/\/www.abchukuk.com\/index.php\/wp-json\/wp\/v2\/media?parent=5477"}],"wp:term":[{"taxonomy":"category","embeddable":true,"href":"https:\/\/www.abchukuk.com\/index.php\/wp-json\/wp\/v2\/categories?post=5477"},{"taxonomy":"post_tag","embeddable":true,"href":"https:\/\/www.abchukuk.com\/index.php\/wp-json\/wp\/v2\/tags?post=5477"}],"curies":[{"name":"wp","href":"https:\/\/api.w.org\/{rel}","templated":true}]}}