{"id":5475,"date":"2025-09-17T07:42:51","date_gmt":"2025-09-17T07:42:51","guid":{"rendered":"https:\/\/www.abchukuk.com\/index.php\/2025\/09\/17\/samsun-adliyesinde-kan-bagisi-kampanyasi-duzenlendi\/"},"modified":"2025-09-17T07:42:51","modified_gmt":"2025-09-17T07:42:51","slug":"samsun-adliyesinde-kan-bagisi-kampanyasi-duzenlendi","status":"publish","type":"post","link":"https:\/\/www.abchukuk.com\/index.php\/2025\/09\/17\/samsun-adliyesinde-kan-bagisi-kampanyasi-duzenlendi\/","title":{"rendered":"Samsun Adliyesi\u2019nde kan ba\u011f\u0131\u015f\u0131 kampanyas\u0131 d\u00fczenlendi"},"content":{"rendered":"<p>Samsun Adliyesi T\u00fcrk K\u0131z\u0131lay ile i\u015f birli\u011fi i\u00e7erisinde kan ba\u011f\u0131\u015f\u0131 kampanyas\u0131 ger\u00e7ekle\u015ftirildi. D\u00fczenlenen kampanyaya; Samsun Cumhuriyet Ba\u015fsavc\u0131s\u0131 Mehmet Sabri K\u0131l\u0131\u00e7, Samsun Adalet Komisyonu Ba\u015fkan\u0131 Nahit K\u00f6seo\u011flu, Samsun Barosu Ba\u015fkan\u0131 Av. P\u0131nar G\u00fcrsel Y\u0131ld\u0131ran, K\u0131z\u0131lay Orta Karadeniz B\u00f6lge Kan Merkezi M\u00fcd\u00fcr\u00fc Dr. Muhsin Y\u0131ld\u0131r\u0131m, Samsun K\u0131z\u0131lay \u015eube Ba\u015fkan\u0131 Onur \u00c7oban, K\u0131z\u0131lay y\u00f6netimi, Cumhuriyet Ba\u015fsavc\u0131 Vekilleri, h\u00e2kimler, savc\u0131lar, avukatlar ve adliye personeli kat\u0131ld\u0131.<\/p>\n<p><img fetchpriority=\"high\" decoding=\"async\" class=\"alignnone size-large wp-image-163011\" src=\"https:\/\/www.son.tv\/wp-content\/uploads\/2025\/09\/WhatsApp-Image-2025-09-17-at-10.36.22-1-1024x682.jpeg\" alt=\"\" width=\"1024\" height=\"682\" \/><\/p>\n<p>Etkinlik kapsam\u0131nda \u00e7ok say\u0131da kat\u0131l\u0131mc\u0131 kan ba\u011f\u0131\u015f\u0131nda bulunarak kampanyaya destek verdi. Organizasyon, Adalet Camias\u0131 ile T\u00fcrk K\u0131z\u0131lay\u2019\u0131n toplumsal dayan\u0131\u015fmaya verdi\u011fi \u00f6nemin g\u00fc\u00e7l\u00fc bir g\u00f6stergesi oldu.<\/p>\n<p><img decoding=\"async\" class=\"alignnone size-large wp-image-163012\" src=\"https:\/\/www.son.tv\/wp-content\/uploads\/2025\/09\/WhatsApp-Image-2025-09-17-at-10.36.22-1024x682.jpeg\" alt=\"\" width=\"1024\" height=\"682\" \/> <img decoding=\"async\" class=\"alignnone size-large wp-image-163013\" src=\"https:\/\/www.son.tv\/wp-content\/uploads\/2025\/09\/WhatsApp-Image-2025-09-17-at-10.36.21-1024x682.jpeg\" alt=\"\" width=\"1024\" height=\"682\" \/><\/p>\n<p>Samsun Adliyesi\u2019nde, T\u00fcrk K\u0131z\u0131lay ile i\u015f birli\u011fi i\u00e7erisinde anlaml\u0131 bir kan ba\u011f\u0131\u015f\u0131 kampanyas\u0131 ger\u00e7ekle\u015ftirildi.\u00a0<a href=\"https:\/\/www.son.tv\/samsun-adliyesinde-kan-bagisi-kampanyasi-duzenlendi\/\" target=\"_blank\" class=\"feedzy-rss-link-icon\">Read More<\/a><\/p>","protected":false},"excerpt":{"rendered":"<p>Samsun Adliyesi T\u00fcrk K\u0131z\u0131lay ile i\u015f birli\u011fi i\u00e7erisinde kan ba\u011f\u0131\u015f\u0131 kampanyas\u0131 ger\u00e7ekle\u015ftirildi. D\u00fczenlenen kampanyaya; Samsun Cumhuriyet Ba\u015fsavc\u0131s\u0131 Mehmet Sabri K\u0131l\u0131\u00e7, Samsun Adalet Komisyonu Ba\u015fkan\u0131 Nahit K\u00f6seo\u011flu, Samsun Barosu Ba\u015fkan\u0131 Av. P\u0131nar G\u00fcrsel Y\u0131ld\u0131ran, K\u0131z\u0131lay Orta Karadeniz B\u00f6lge Kan Merkezi M\u00fcd\u00fcr\u00fc Dr. Muhsin Y\u0131ld\u0131r\u0131m, Samsun K\u0131z\u0131lay \u015eube Ba\u015fkan\u0131 Onur \u00c7oban, K\u0131z\u0131lay y\u00f6netimi, Cumhuriyet Ba\u015fsavc\u0131 Vekilleri, h\u00e2kimler, [&hellip;]<\/p>\n","protected":false},"author":1,"featured_media":5476,"comment_status":"open","ping_status":"open","sticky":false,"template":"","format":"standard","meta":{"footnotes":"","_links_to":"","_links_to_target":""},"categories":[1],"tags":[],"class_list":["post-5475","post","type-post","status-publish","format-standard","has-post-thumbnail","hentry","category-haberler"],"_links":{"self":[{"href":"https:\/\/www.abchukuk.com\/index.php\/wp-json\/wp\/v2\/posts\/5475","targetHints":{"allow":["GET"]}}],"collection":[{"href":"https:\/\/www.abchukuk.com\/index.php\/wp-json\/wp\/v2\/posts"}],"about":[{"href":"https:\/\/www.abchukuk.com\/index.php\/wp-json\/wp\/v2\/types\/post"}],"author":[{"embeddable":true,"href":"https:\/\/www.abchukuk.com\/index.php\/wp-json\/wp\/v2\/users\/1"}],"replies":[{"embeddable":true,"href":"https:\/\/www.abchukuk.com\/index.php\/wp-json\/wp\/v2\/comments?post=5475"}],"version-history":[{"count":0,"href":"https:\/\/www.abchukuk.com\/index.php\/wp-json\/wp\/v2\/posts\/5475\/revisions"}],"wp:featuredmedia":[{"embeddable":true,"href":"https:\/\/www.abchukuk.com\/index.php\/wp-json\/wp\/v2\/media\/5476"}],"wp:attachment":[{"href":"https:\/\/www.abchukuk.com\/index.php\/wp-json\/wp\/v2\/media?parent=5475"}],"wp:term":[{"taxonomy":"category","embeddable":true,"href":"https:\/\/www.abchukuk.com\/index.php\/wp-json\/wp\/v2\/categories?post=5475"},{"taxonomy":"post_tag","embeddable":true,"href":"https:\/\/www.abchukuk.com\/index.php\/wp-json\/wp\/v2\/tags?post=5475"}],"curies":[{"name":"wp","href":"https:\/\/api.w.org\/{rel}","templated":true}]}}