{"id":5472,"date":"2025-09-17T06:13:00","date_gmt":"2025-09-17T06:13:00","guid":{"rendered":"https:\/\/www.abchukuk.com\/index.php\/2025\/09\/17\/deniz-kuvvetlerinde-10-subay-ve-astsubay-gozaltina-alindi\/"},"modified":"2025-09-17T06:13:00","modified_gmt":"2025-09-17T06:13:00","slug":"deniz-kuvvetlerinde-10-subay-ve-astsubay-gozaltina-alindi","status":"publish","type":"post","link":"https:\/\/www.abchukuk.com\/index.php\/2025\/09\/17\/deniz-kuvvetlerinde-10-subay-ve-astsubay-gozaltina-alindi\/","title":{"rendered":"Deniz Kuvvetleri&#8217;nde 10 Subay ve Astsubay G\u00f6zalt\u0131na Al\u0131nd\u0131"},"content":{"rendered":"<p><a href=\"https:\/\/www.gercekgundem.com\/guncel\/deniz-kuvvetlerinde-10-subay-ve-astsubay-gozaltina-alindi-555655\"><br \/>\n                                                            <img decoding=\"async\" src=\"https:\/\/i.gercekgundem.com\/2\/150\/84\/storage\/files\/images\/2025\/09\/17\/deniz-kuvvetlerinde-10-subay-ve-astsubay-gozaltina-alindi-srbg.jpg\" width=\"150\" height=\"84\" border=\"0\" align=\"right\" \/><br \/>\n                                                    <\/a><\/p>\n<h4>Ankara Cumhuriyet Ba\u015fsavc\u0131l\u0131\u011f\u0131&#8217;nca FET\u00d6&#8217;n\u00fcn Deniz Kuvvetleri Komutanl\u0131\u011f\u0131 mahrem yap\u0131lanmas\u0131na y\u00f6nelik soru\u015fturma kapsam\u0131nda 1&#8217;i g\u00f6revde 10 \u015f\u00fcpheli hakk\u0131nda g\u00f6zalt\u0131 karar\u0131 verildi.<\/h4>\n<p>Ankara Cumhuriyet Ba\u015fsavc\u0131l\u0131\u011f\u0131&#8217;nca FET\u00d6&#8217;n\u00fcn Deniz Kuvvetleri Komutanl\u0131\u011f\u0131 mahrem yap\u0131lanmas\u0131na y\u00f6nelik soru\u015fturma kapsam\u0131nda 1&#8217;i g\u00f6revde 10 \u015f\u00fcpheli hakk\u0131nda g\u00f6zalt\u0131 karar\u0131 verildi.\u00a0<a href=\"https:\/\/www.gercekgundem.com\/guncel\/deniz-kuvvetlerinde-10-subay-ve-astsubay-gozaltina-alindi-555655\" target=\"_blank\" class=\"feedzy-rss-link-icon\">Read More<\/a><\/p>","protected":false},"excerpt":{"rendered":"<p>Ankara Cumhuriyet Ba\u015fsavc\u0131l\u0131\u011f\u0131&#8217;nca FET\u00d6&#8217;n\u00fcn Deniz Kuvvetleri Komutanl\u0131\u011f\u0131 mahrem yap\u0131lanmas\u0131na y\u00f6nelik soru\u015fturma kapsam\u0131nda 1&#8217;i g\u00f6revde 10 \u015f\u00fcpheli hakk\u0131nda g\u00f6zalt\u0131 karar\u0131 verildi. Ankara Cumhuriyet Ba\u015fsavc\u0131l\u0131\u011f\u0131&#8217;nca FET\u00d6&#8217;n\u00fcn Deniz Kuvvetleri Komutanl\u0131\u011f\u0131 mahrem yap\u0131lanmas\u0131na y\u00f6nelik soru\u015fturma kapsam\u0131nda 1&#8217;i g\u00f6revde 10 \u015f\u00fcpheli hakk\u0131nda g\u00f6zalt\u0131 karar\u0131 verildi.\u00a0Read More<\/p>\n","protected":false},"author":1,"featured_media":5473,"comment_status":"open","ping_status":"open","sticky":false,"template":"","format":"standard","meta":{"footnotes":"","_links_to":"","_links_to_target":""},"categories":[1],"tags":[],"class_list":["post-5472","post","type-post","status-publish","format-standard","has-post-thumbnail","hentry","category-haberler"],"_links":{"self":[{"href":"https:\/\/www.abchukuk.com\/index.php\/wp-json\/wp\/v2\/posts\/5472","targetHints":{"allow":["GET"]}}],"collection":[{"href":"https:\/\/www.abchukuk.com\/index.php\/wp-json\/wp\/v2\/posts"}],"about":[{"href":"https:\/\/www.abchukuk.com\/index.php\/wp-json\/wp\/v2\/types\/post"}],"author":[{"embeddable":true,"href":"https:\/\/www.abchukuk.com\/index.php\/wp-json\/wp\/v2\/users\/1"}],"replies":[{"embeddable":true,"href":"https:\/\/www.abchukuk.com\/index.php\/wp-json\/wp\/v2\/comments?post=5472"}],"version-history":[{"count":0,"href":"https:\/\/www.abchukuk.com\/index.php\/wp-json\/wp\/v2\/posts\/5472\/revisions"}],"wp:featuredmedia":[{"embeddable":true,"href":"https:\/\/www.abchukuk.com\/index.php\/wp-json\/wp\/v2\/media\/5473"}],"wp:attachment":[{"href":"https:\/\/www.abchukuk.com\/index.php\/wp-json\/wp\/v2\/media?parent=5472"}],"wp:term":[{"taxonomy":"category","embeddable":true,"href":"https:\/\/www.abchukuk.com\/index.php\/wp-json\/wp\/v2\/categories?post=5472"},{"taxonomy":"post_tag","embeddable":true,"href":"https:\/\/www.abchukuk.com\/index.php\/wp-json\/wp\/v2\/tags?post=5472"}],"curies":[{"name":"wp","href":"https:\/\/api.w.org\/{rel}","templated":true}]}}