{"id":5468,"date":"2025-09-17T06:29:00","date_gmt":"2025-09-17T06:29:00","guid":{"rendered":"https:\/\/www.abchukuk.com\/index.php\/2025\/09\/17\/bahcelinin-avukati-sikayet-etti-gozaltina-alindi-cumhurbaskanina-hakaret-suclamasiyla-adliyeye-sevk-edildi\/"},"modified":"2025-09-17T06:29:00","modified_gmt":"2025-09-17T06:29:00","slug":"bahcelinin-avukati-sikayet-etti-gozaltina-alindi-cumhurbaskanina-hakaret-suclamasiyla-adliyeye-sevk-edildi","status":"publish","type":"post","link":"https:\/\/www.abchukuk.com\/index.php\/2025\/09\/17\/bahcelinin-avukati-sikayet-etti-gozaltina-alindi-cumhurbaskanina-hakaret-suclamasiyla-adliyeye-sevk-edildi\/","title":{"rendered":"Bah\u00e7eli&#8217;nin avukat\u0131 \u015fikayet etti, g\u00f6zalt\u0131na al\u0131nd\u0131: &#8216;Cumhurba\u015fkan\u0131na hakaret&#8217; su\u00e7lamas\u0131yla adliyeye sevk edildi"},"content":{"rendered":"<p>MHP Genel Ba\u015fkan\u0131 Devlet Bah\u00e7eli&#8217;nin avukat\u0131n\u0131n \u015fikayetiyle evinden g\u00f6zalt\u0131na al\u0131nan Meltem G\u00f6khano\u011flu, &#8220;Cumhurba\u015fkan\u0131na hakaret&#8221; su\u00e7lamas\u0131yla \u00c7a\u011flayan Adliyesi&#8217;ne sevk edilecek. G\u00f6khano\u011flu&#8217;nun avukatlar\u0131 Atahan \u00d6zt\u00fcrk ve Do\u011fan \u00c7\u0131ng\u0131, dosyay\u0131 &#8220;torba dosya&#8221; olarak nitelendirdi.MHP Genel Ba\u015fkan\u0131 Devlet Bah\u00e7eli&#8217;nin avukat\u0131n\u0131n \u015fikayetiyle evinden g\u00f6zalt\u0131na al\u0131nan Meltem G\u00f6khano\u011flu, &#8220;Cumhurba\u015fkan\u0131na hakaret&#8221; su\u00e7lamas\u0131yla \u00c7a\u011flayan Adliyesi&#8217;ne sevk edilecek. G\u00f6khano\u011flu&#8217;nun avukatlar\u0131 Atahan \u00d6zt\u00fcrk ve Do\u011fan \u00c7\u0131ng\u0131, dosyay\u0131 &#8220;torba dosya&#8221; olarak nitelendirdi.\u00a0<a href=\"https:\/\/www.cumhuriyet.com.tr\/turkiye\/bahceli-nin-avukati-sikayet-etti-gozaltina-alindi-cumhurbaskanina-hakaret-suclamasiyla-adliyeye-sevk-edildi-2435789\" target=\"_blank\" class=\"feedzy-rss-link-icon\">Read More<\/a><\/p>","protected":false},"excerpt":{"rendered":"<p>MHP Genel Ba\u015fkan\u0131 Devlet Bah\u00e7eli&#8217;nin avukat\u0131n\u0131n \u015fikayetiyle evinden g\u00f6zalt\u0131na al\u0131nan Meltem G\u00f6khano\u011flu, &#8220;Cumhurba\u015fkan\u0131na hakaret&#8221; su\u00e7lamas\u0131yla \u00c7a\u011flayan Adliyesi&#8217;ne sevk edilecek. G\u00f6khano\u011flu&#8217;nun avukatlar\u0131 Atahan \u00d6zt\u00fcrk ve Do\u011fan \u00c7\u0131ng\u0131, dosyay\u0131 &#8220;torba dosya&#8221; olarak nitelendirdi.MHP Genel Ba\u015fkan\u0131 Devlet Bah\u00e7eli&#8217;nin avukat\u0131n\u0131n \u015fikayetiyle evinden g\u00f6zalt\u0131na al\u0131nan Meltem G\u00f6khano\u011flu, &#8220;Cumhurba\u015fkan\u0131na hakaret&#8221; su\u00e7lamas\u0131yla \u00c7a\u011flayan Adliyesi&#8217;ne sevk edilecek. G\u00f6khano\u011flu&#8217;nun avukatlar\u0131 Atahan \u00d6zt\u00fcrk ve Do\u011fan [&hellip;]<\/p>\n","protected":false},"author":1,"featured_media":5469,"comment_status":"open","ping_status":"open","sticky":false,"template":"","format":"standard","meta":{"footnotes":"","_links_to":"","_links_to_target":""},"categories":[1],"tags":[],"class_list":["post-5468","post","type-post","status-publish","format-standard","has-post-thumbnail","hentry","category-haberler"],"_links":{"self":[{"href":"https:\/\/www.abchukuk.com\/index.php\/wp-json\/wp\/v2\/posts\/5468","targetHints":{"allow":["GET"]}}],"collection":[{"href":"https:\/\/www.abchukuk.com\/index.php\/wp-json\/wp\/v2\/posts"}],"about":[{"href":"https:\/\/www.abchukuk.com\/index.php\/wp-json\/wp\/v2\/types\/post"}],"author":[{"embeddable":true,"href":"https:\/\/www.abchukuk.com\/index.php\/wp-json\/wp\/v2\/users\/1"}],"replies":[{"embeddable":true,"href":"https:\/\/www.abchukuk.com\/index.php\/wp-json\/wp\/v2\/comments?post=5468"}],"version-history":[{"count":0,"href":"https:\/\/www.abchukuk.com\/index.php\/wp-json\/wp\/v2\/posts\/5468\/revisions"}],"wp:featuredmedia":[{"embeddable":true,"href":"https:\/\/www.abchukuk.com\/index.php\/wp-json\/wp\/v2\/media\/5469"}],"wp:attachment":[{"href":"https:\/\/www.abchukuk.com\/index.php\/wp-json\/wp\/v2\/media?parent=5468"}],"wp:term":[{"taxonomy":"category","embeddable":true,"href":"https:\/\/www.abchukuk.com\/index.php\/wp-json\/wp\/v2\/categories?post=5468"},{"taxonomy":"post_tag","embeddable":true,"href":"https:\/\/www.abchukuk.com\/index.php\/wp-json\/wp\/v2\/tags?post=5468"}],"curies":[{"name":"wp","href":"https:\/\/api.w.org\/{rel}","templated":true}]}}