{"id":5464,"date":"2025-09-17T05:49:00","date_gmt":"2025-09-17T05:49:00","guid":{"rendered":"https:\/\/www.abchukuk.com\/index.php\/2025\/09\/17\/fetonun-deniz-kuvvetleri-yapilanmasina-operasyon-10-gozalti-karari\/"},"modified":"2025-09-17T05:49:00","modified_gmt":"2025-09-17T05:49:00","slug":"fetonun-deniz-kuvvetleri-yapilanmasina-operasyon-10-gozalti-karari","status":"publish","type":"post","link":"https:\/\/www.abchukuk.com\/index.php\/2025\/09\/17\/fetonun-deniz-kuvvetleri-yapilanmasina-operasyon-10-gozalti-karari\/","title":{"rendered":"FET\u00d6&#8217;n\u00fcn Deniz Kuvvetleri yap\u0131lanmas\u0131na operasyon: 10 g\u00f6zalt\u0131 karar\u0131!"},"content":{"rendered":"<p>Ankara Cumhuriyet Ba\u015fsavc\u0131l\u0131\u011f\u0131&#8217;nca FET\u00d6&#8217;n\u00fcn Deniz Kuvvetleri Komutanl\u0131\u011f\u0131 mahrem yap\u0131lanmas\u0131na y\u00f6nelik soru\u015fturma kapsam\u0131nda 1&#8217;i g\u00f6revde 10 \u015f\u00fcpheli hakk\u0131nda g\u00f6zalt\u0131 karar\u0131 verildi.Ankara Cumhuriyet Ba\u015fsavc\u0131l\u0131\u011f\u0131&#8217;nca FET\u00d6&#8217;n\u00fcn Deniz Kuvvetleri Komutanl\u0131\u011f\u0131 mahrem yap\u0131lanmas\u0131na y\u00f6nelik soru\u015fturma kapsam\u0131nda 1&#8217;i g\u00f6revde 10 \u015f\u00fcpheli hakk\u0131nda g\u00f6zalt\u0131 karar\u0131 verildi.\u00a0<a href=\"https:\/\/www.cumhuriyet.com.tr\/turkiye\/feto-nun-deniz-kuvvetleri-yapilanmasina-operasyon-10-gozalti-karari-2435777\" target=\"_blank\" class=\"feedzy-rss-link-icon\">Read More<\/a><\/p>","protected":false},"excerpt":{"rendered":"<p>Ankara Cumhuriyet Ba\u015fsavc\u0131l\u0131\u011f\u0131&#8217;nca FET\u00d6&#8217;n\u00fcn Deniz Kuvvetleri Komutanl\u0131\u011f\u0131 mahrem yap\u0131lanmas\u0131na y\u00f6nelik soru\u015fturma kapsam\u0131nda 1&#8217;i g\u00f6revde 10 \u015f\u00fcpheli hakk\u0131nda g\u00f6zalt\u0131 karar\u0131 verildi.Ankara Cumhuriyet Ba\u015fsavc\u0131l\u0131\u011f\u0131&#8217;nca FET\u00d6&#8217;n\u00fcn Deniz Kuvvetleri Komutanl\u0131\u011f\u0131 mahrem yap\u0131lanmas\u0131na y\u00f6nelik soru\u015fturma kapsam\u0131nda 1&#8217;i g\u00f6revde 10 \u015f\u00fcpheli hakk\u0131nda g\u00f6zalt\u0131 karar\u0131 verildi.\u00a0Read More<\/p>\n","protected":false},"author":1,"featured_media":5465,"comment_status":"open","ping_status":"open","sticky":false,"template":"","format":"standard","meta":{"footnotes":"","_links_to":"","_links_to_target":""},"categories":[1],"tags":[],"class_list":["post-5464","post","type-post","status-publish","format-standard","has-post-thumbnail","hentry","category-haberler"],"_links":{"self":[{"href":"https:\/\/www.abchukuk.com\/index.php\/wp-json\/wp\/v2\/posts\/5464","targetHints":{"allow":["GET"]}}],"collection":[{"href":"https:\/\/www.abchukuk.com\/index.php\/wp-json\/wp\/v2\/posts"}],"about":[{"href":"https:\/\/www.abchukuk.com\/index.php\/wp-json\/wp\/v2\/types\/post"}],"author":[{"embeddable":true,"href":"https:\/\/www.abchukuk.com\/index.php\/wp-json\/wp\/v2\/users\/1"}],"replies":[{"embeddable":true,"href":"https:\/\/www.abchukuk.com\/index.php\/wp-json\/wp\/v2\/comments?post=5464"}],"version-history":[{"count":0,"href":"https:\/\/www.abchukuk.com\/index.php\/wp-json\/wp\/v2\/posts\/5464\/revisions"}],"wp:featuredmedia":[{"embeddable":true,"href":"https:\/\/www.abchukuk.com\/index.php\/wp-json\/wp\/v2\/media\/5465"}],"wp:attachment":[{"href":"https:\/\/www.abchukuk.com\/index.php\/wp-json\/wp\/v2\/media?parent=5464"}],"wp:term":[{"taxonomy":"category","embeddable":true,"href":"https:\/\/www.abchukuk.com\/index.php\/wp-json\/wp\/v2\/categories?post=5464"},{"taxonomy":"post_tag","embeddable":true,"href":"https:\/\/www.abchukuk.com\/index.php\/wp-json\/wp\/v2\/tags?post=5464"}],"curies":[{"name":"wp","href":"https:\/\/api.w.org\/{rel}","templated":true}]}}