{"id":5449,"date":"2025-09-16T17:01:00","date_gmt":"2025-09-16T17:01:00","guid":{"rendered":"https:\/\/www.abchukuk.com\/index.php\/2025\/09\/16\/bayrampasa-belediyesi-baskani-dahil-39-kisi-hakkinda-tutuklama-talebi\/"},"modified":"2025-09-16T17:01:00","modified_gmt":"2025-09-16T17:01:00","slug":"bayrampasa-belediyesi-baskani-dahil-39-kisi-hakkinda-tutuklama-talebi","status":"publish","type":"post","link":"https:\/\/www.abchukuk.com\/index.php\/2025\/09\/16\/bayrampasa-belediyesi-baskani-dahil-39-kisi-hakkinda-tutuklama-talebi\/","title":{"rendered":"Bayrampa\u015fa Belediyesi Ba\u015fkan\u0131 dahil 39 ki\u015fi hakk\u0131nda tutuklama talebi!"},"content":{"rendered":"<p>Bayrampa\u015fa Belediyesine y\u00f6nelik yolsuzluk iddias\u0131yla ba\u015flat\u0131lan soru\u015fturma kapsam\u0131nda g\u00f6zalt\u0131na al\u0131nan ve sabah saatlerinde adliyeye sevk edilen, aralar\u0131nda Bayrampa\u015fa Belediye Ba\u015fkan\u0131 Hasan Mutlu\u2019nun da yer ald\u0131\u011f\u0131 39 ki\u015fi tutuklama, 6 ki\u015fi ise adli kontrol istemiyle hakimli\u011fe sevk edildi.Bayrampa\u015fa Belediyesine y\u00f6nelik yolsuzluk iddias\u0131yla ba\u015flat\u0131lan soru\u015fturma kapsam\u0131nda g\u00f6zalt\u0131na al\u0131nan ve sabah saatlerinde adliyeye sevk edilen, aralar\u0131nda Bayrampa\u015fa Belediye Ba\u015fkan\u0131 Hasan Mutlu\u2019nun da yer ald\u0131\u011f\u0131 39 ki\u015fi tutuklama, 6 ki\u015fi ise adli kontrol istemiyle hakimli\u011fe sevk edildi.\u00a0<a href=\"https:\/\/www.cumhuriyet.com.tr\/turkiye\/son-dakika-bayrampasa-belediye-baskani-mutlu-ya-tutuklama-talebi-2435712\" target=\"_blank\" class=\"feedzy-rss-link-icon\">Read More<\/a><\/p>","protected":false},"excerpt":{"rendered":"<p>Bayrampa\u015fa Belediyesine y\u00f6nelik yolsuzluk iddias\u0131yla ba\u015flat\u0131lan soru\u015fturma kapsam\u0131nda g\u00f6zalt\u0131na al\u0131nan ve sabah saatlerinde adliyeye sevk edilen, aralar\u0131nda Bayrampa\u015fa Belediye Ba\u015fkan\u0131 Hasan Mutlu\u2019nun da yer ald\u0131\u011f\u0131 39 ki\u015fi tutuklama, 6 ki\u015fi ise adli kontrol istemiyle hakimli\u011fe sevk edildi.Bayrampa\u015fa Belediyesine y\u00f6nelik yolsuzluk iddias\u0131yla ba\u015flat\u0131lan soru\u015fturma kapsam\u0131nda g\u00f6zalt\u0131na al\u0131nan ve sabah saatlerinde adliyeye sevk edilen, aralar\u0131nda Bayrampa\u015fa Belediye [&hellip;]<\/p>\n","protected":false},"author":1,"featured_media":5450,"comment_status":"open","ping_status":"open","sticky":false,"template":"","format":"standard","meta":{"footnotes":"","_links_to":"","_links_to_target":""},"categories":[1],"tags":[],"class_list":["post-5449","post","type-post","status-publish","format-standard","has-post-thumbnail","hentry","category-haberler"],"_links":{"self":[{"href":"https:\/\/www.abchukuk.com\/index.php\/wp-json\/wp\/v2\/posts\/5449","targetHints":{"allow":["GET"]}}],"collection":[{"href":"https:\/\/www.abchukuk.com\/index.php\/wp-json\/wp\/v2\/posts"}],"about":[{"href":"https:\/\/www.abchukuk.com\/index.php\/wp-json\/wp\/v2\/types\/post"}],"author":[{"embeddable":true,"href":"https:\/\/www.abchukuk.com\/index.php\/wp-json\/wp\/v2\/users\/1"}],"replies":[{"embeddable":true,"href":"https:\/\/www.abchukuk.com\/index.php\/wp-json\/wp\/v2\/comments?post=5449"}],"version-history":[{"count":0,"href":"https:\/\/www.abchukuk.com\/index.php\/wp-json\/wp\/v2\/posts\/5449\/revisions"}],"wp:featuredmedia":[{"embeddable":true,"href":"https:\/\/www.abchukuk.com\/index.php\/wp-json\/wp\/v2\/media\/5450"}],"wp:attachment":[{"href":"https:\/\/www.abchukuk.com\/index.php\/wp-json\/wp\/v2\/media?parent=5449"}],"wp:term":[{"taxonomy":"category","embeddable":true,"href":"https:\/\/www.abchukuk.com\/index.php\/wp-json\/wp\/v2\/categories?post=5449"},{"taxonomy":"post_tag","embeddable":true,"href":"https:\/\/www.abchukuk.com\/index.php\/wp-json\/wp\/v2\/tags?post=5449"}],"curies":[{"name":"wp","href":"https:\/\/api.w.org\/{rel}","templated":true}]}}