{"id":5439,"date":"2025-09-16T14:24:50","date_gmt":"2025-09-16T14:24:50","guid":{"rendered":"https:\/\/www.abchukuk.com\/index.php\/2025\/09\/16\/esine-benzettigi-adamin-karisini-otomobil-kapisiyla-darp-etti-mahkeme-kapiyi-silah-saydi\/"},"modified":"2025-09-16T14:24:50","modified_gmt":"2025-09-16T14:24:50","slug":"esine-benzettigi-adamin-karisini-otomobil-kapisiyla-darp-etti-mahkeme-kapiyi-silah-saydi","status":"publish","type":"post","link":"https:\/\/www.abchukuk.com\/index.php\/2025\/09\/16\/esine-benzettigi-adamin-karisini-otomobil-kapisiyla-darp-etti-mahkeme-kapiyi-silah-saydi\/","title":{"rendered":"E\u015fine benzetti\u011fi adam\u0131n &#8216;kar\u0131s\u0131n\u0131&#8217; otomobil kap\u0131s\u0131yla darp etti: Mahkeme kap\u0131y\u0131 &#8216;silah&#8217; sayd\u0131"},"content":{"rendered":"<p>Edirne&#8217;de bir kad\u0131n,  e\u015fine benzetti\u011fi adam\u0131n kar\u0131s\u0131n\u0131  &#8216;e\u015finin sevgilisi&#8217; sand\u0131. Kad\u0131na araban\u0131n kap\u0131s\u0131yla vurarak darp eden kad\u0131n hakk\u0131nda 1.5 y\u0131la kadar hapis istemiyle dava a\u00e7\u0131ld\u0131. \u0130ddianamede araba kap\u0131s\u0131 &#8216;silah&#8217; say\u0131ld\u0131.Edirne&#8217;de bir kad\u0131n,  e\u015fine benzetti\u011fi adam\u0131n kar\u0131s\u0131n\u0131  &#8216;e\u015finin sevgilisi&#8217; sand\u0131. Kad\u0131na araban\u0131n kap\u0131s\u0131yla vurarak darp eden kad\u0131n hakk\u0131nda 1.5 y\u0131la kadar hapis istemiyle dava a\u00e7\u0131ld\u0131. \u0130ddianamede araba kap\u0131s\u0131 &#8216;silah&#8217; say\u0131ld\u0131.\u00a0<a href=\"https:\/\/anlatilaninotesi.com.tr\/20250916\/esine-benzettigi-adamin-karisini-otomobil-kapisiyla-darp-etti-mahkeme-kapiyi-silah-saydi-1099414557.html\" target=\"_blank\" class=\"feedzy-rss-link-icon\">Read More<\/a><\/p>","protected":false},"excerpt":{"rendered":"<p>Edirne&#8217;de bir kad\u0131n, e\u015fine benzetti\u011fi adam\u0131n kar\u0131s\u0131n\u0131 &#8216;e\u015finin sevgilisi&#8217; sand\u0131. Kad\u0131na araban\u0131n kap\u0131s\u0131yla vurarak darp eden kad\u0131n hakk\u0131nda 1.5 y\u0131la kadar hapis istemiyle dava a\u00e7\u0131ld\u0131. \u0130ddianamede araba kap\u0131s\u0131 &#8216;silah&#8217; say\u0131ld\u0131.Edirne&#8217;de bir kad\u0131n, e\u015fine benzetti\u011fi adam\u0131n kar\u0131s\u0131n\u0131 &#8216;e\u015finin sevgilisi&#8217; sand\u0131. Kad\u0131na araban\u0131n kap\u0131s\u0131yla vurarak darp eden kad\u0131n hakk\u0131nda 1.5 y\u0131la kadar hapis istemiyle dava a\u00e7\u0131ld\u0131. \u0130ddianamede [&hellip;]<\/p>\n","protected":false},"author":1,"featured_media":0,"comment_status":"open","ping_status":"open","sticky":false,"template":"","format":"standard","meta":{"footnotes":"","_links_to":"","_links_to_target":""},"categories":[1],"tags":[],"class_list":["post-5439","post","type-post","status-publish","format-standard","hentry","category-haberler"],"_links":{"self":[{"href":"https:\/\/www.abchukuk.com\/index.php\/wp-json\/wp\/v2\/posts\/5439","targetHints":{"allow":["GET"]}}],"collection":[{"href":"https:\/\/www.abchukuk.com\/index.php\/wp-json\/wp\/v2\/posts"}],"about":[{"href":"https:\/\/www.abchukuk.com\/index.php\/wp-json\/wp\/v2\/types\/post"}],"author":[{"embeddable":true,"href":"https:\/\/www.abchukuk.com\/index.php\/wp-json\/wp\/v2\/users\/1"}],"replies":[{"embeddable":true,"href":"https:\/\/www.abchukuk.com\/index.php\/wp-json\/wp\/v2\/comments?post=5439"}],"version-history":[{"count":0,"href":"https:\/\/www.abchukuk.com\/index.php\/wp-json\/wp\/v2\/posts\/5439\/revisions"}],"wp:attachment":[{"href":"https:\/\/www.abchukuk.com\/index.php\/wp-json\/wp\/v2\/media?parent=5439"}],"wp:term":[{"taxonomy":"category","embeddable":true,"href":"https:\/\/www.abchukuk.com\/index.php\/wp-json\/wp\/v2\/categories?post=5439"},{"taxonomy":"post_tag","embeddable":true,"href":"https:\/\/www.abchukuk.com\/index.php\/wp-json\/wp\/v2\/tags?post=5439"}],"curies":[{"name":"wp","href":"https:\/\/api.w.org\/{rel}","templated":true}]}}