{"id":5437,"date":"2025-09-16T14:36:00","date_gmt":"2025-09-16T14:36:00","guid":{"rendered":"https:\/\/www.abchukuk.com\/index.php\/2025\/09\/16\/recep-tayyip-erdogan-bir-liderin-dogusu-kitabinin-yazari-da-borsa-istanbul-operasyonunda-gozaltina-alindi\/"},"modified":"2025-09-16T14:36:00","modified_gmt":"2025-09-16T14:36:00","slug":"recep-tayyip-erdogan-bir-liderin-dogusu-kitabinin-yazari-da-borsa-istanbul-operasyonunda-gozaltina-alindi","status":"publish","type":"post","link":"https:\/\/www.abchukuk.com\/index.php\/2025\/09\/16\/recep-tayyip-erdogan-bir-liderin-dogusu-kitabinin-yazari-da-borsa-istanbul-operasyonunda-gozaltina-alindi\/","title":{"rendered":"&#8216;Recep Tayyip Erdo\u011fan: Bir Liderin Do\u011fu\u015fu&#8217; kitab\u0131n\u0131n yazar\u0131 da Borsa \u0130stanbul operasyonunda g\u00f6zalt\u0131na al\u0131nd\u0131!"},"content":{"rendered":"<p>\u0130stanbul\u2019da sabah saatlerinde ger\u00e7ekle\u015ftirilen \u201cborsada manip\u00fclasyon\u201d operasyonunda g\u00f6zalt\u0131na al\u0131nanlar aras\u0131ndaki AKP&#8217;li Cumhurba\u015fkan\u0131 Erdo\u011fan\u2019\u0131n hayat\u0131n\u0131 anlatan &#8216;Bir Liderin Do\u011fu\u015fu&#8217; adl\u0131 kitab\u0131n yazar\u0131 \u00d6mer \u00d6zbay\u2019\u0131n da oldu\u011fu ortaya \u00e7\u0131kt\u0131.\u0130stanbul\u2019da sabah saatlerinde ger\u00e7ekle\u015ftirilen \u201cborsada manip\u00fclasyon\u201d operasyonunda g\u00f6zalt\u0131na al\u0131nanlar aras\u0131ndaki AKP&#8217;li Cumhurba\u015fkan\u0131 Erdo\u011fan\u2019\u0131n hayat\u0131n\u0131 anlatan &#8216;Bir Liderin Do\u011fu\u015fu&#8217; adl\u0131 kitab\u0131n yazar\u0131 \u00d6mer \u00d6zbay\u2019\u0131n da oldu\u011fu ortaya \u00e7\u0131kt\u0131.\u00a0<a href=\"https:\/\/www.cumhuriyet.com.tr\/siyaset\/recep-tayyip-erdogan-bir-liderin-dogusu-kitabinin-yazari-da-borsa-istanbul-operasyonunda-gozaltina-alindi-2435684\" target=\"_blank\" class=\"feedzy-rss-link-icon\">Read More<\/a><\/p>","protected":false},"excerpt":{"rendered":"<p>\u0130stanbul\u2019da sabah saatlerinde ger\u00e7ekle\u015ftirilen \u201cborsada manip\u00fclasyon\u201d operasyonunda g\u00f6zalt\u0131na al\u0131nanlar aras\u0131ndaki AKP&#8217;li Cumhurba\u015fkan\u0131 Erdo\u011fan\u2019\u0131n hayat\u0131n\u0131 anlatan &#8216;Bir Liderin Do\u011fu\u015fu&#8217; adl\u0131 kitab\u0131n yazar\u0131 \u00d6mer \u00d6zbay\u2019\u0131n da oldu\u011fu ortaya \u00e7\u0131kt\u0131.\u0130stanbul\u2019da sabah saatlerinde ger\u00e7ekle\u015ftirilen \u201cborsada manip\u00fclasyon\u201d operasyonunda g\u00f6zalt\u0131na al\u0131nanlar aras\u0131ndaki AKP&#8217;li Cumhurba\u015fkan\u0131 Erdo\u011fan\u2019\u0131n hayat\u0131n\u0131 anlatan &#8216;Bir Liderin Do\u011fu\u015fu&#8217; adl\u0131 kitab\u0131n yazar\u0131 \u00d6mer \u00d6zbay\u2019\u0131n da oldu\u011fu ortaya \u00e7\u0131kt\u0131.\u00a0Read More<\/p>\n","protected":false},"author":1,"featured_media":5438,"comment_status":"open","ping_status":"open","sticky":false,"template":"","format":"standard","meta":{"footnotes":"","_links_to":"","_links_to_target":""},"categories":[1],"tags":[],"class_list":["post-5437","post","type-post","status-publish","format-standard","has-post-thumbnail","hentry","category-haberler"],"_links":{"self":[{"href":"https:\/\/www.abchukuk.com\/index.php\/wp-json\/wp\/v2\/posts\/5437","targetHints":{"allow":["GET"]}}],"collection":[{"href":"https:\/\/www.abchukuk.com\/index.php\/wp-json\/wp\/v2\/posts"}],"about":[{"href":"https:\/\/www.abchukuk.com\/index.php\/wp-json\/wp\/v2\/types\/post"}],"author":[{"embeddable":true,"href":"https:\/\/www.abchukuk.com\/index.php\/wp-json\/wp\/v2\/users\/1"}],"replies":[{"embeddable":true,"href":"https:\/\/www.abchukuk.com\/index.php\/wp-json\/wp\/v2\/comments?post=5437"}],"version-history":[{"count":0,"href":"https:\/\/www.abchukuk.com\/index.php\/wp-json\/wp\/v2\/posts\/5437\/revisions"}],"wp:featuredmedia":[{"embeddable":true,"href":"https:\/\/www.abchukuk.com\/index.php\/wp-json\/wp\/v2\/media\/5438"}],"wp:attachment":[{"href":"https:\/\/www.abchukuk.com\/index.php\/wp-json\/wp\/v2\/media?parent=5437"}],"wp:term":[{"taxonomy":"category","embeddable":true,"href":"https:\/\/www.abchukuk.com\/index.php\/wp-json\/wp\/v2\/categories?post=5437"},{"taxonomy":"post_tag","embeddable":true,"href":"https:\/\/www.abchukuk.com\/index.php\/wp-json\/wp\/v2\/tags?post=5437"}],"curies":[{"name":"wp","href":"https:\/\/api.w.org\/{rel}","templated":true}]}}