{"id":5435,"date":"2025-09-16T14:51:47","date_gmt":"2025-09-16T14:51:47","guid":{"rendered":"https:\/\/www.abchukuk.com\/index.php\/2025\/09\/16\/danistay-cumhuriyet-bassavcisi-cevdet-erkandan-hayirli-olsun-ziyareti\/"},"modified":"2025-09-16T14:51:47","modified_gmt":"2025-09-16T14:51:47","slug":"danistay-cumhuriyet-bassavcisi-cevdet-erkandan-hayirli-olsun-ziyareti","status":"publish","type":"post","link":"https:\/\/www.abchukuk.com\/index.php\/2025\/09\/16\/danistay-cumhuriyet-bassavcisi-cevdet-erkandan-hayirli-olsun-ziyareti\/","title":{"rendered":"Dan\u0131\u015ftay Cumhuriyet Ba\u015fsavc\u0131s\u0131 Cevdet Erkan\u2019dan hay\u0131rl\u0131 olsun ziyareti"},"content":{"rendered":"<p class=\"p1\">Dan\u0131\u015ftay Cumhuriyet Ba\u015fsavc\u0131s\u0131 Cevdet Erkan, Ankara B\u00f6lge Adliye Mahkemesi Cumhuriyet Ba\u015fsavc\u0131s\u0131 Halil \u0130nal\u2019a hay\u0131rl\u0131 olsun ziyaretinde bulundu. Ziyaretin ard\u0131ndan Erkan, Ankara B\u00f6lge Adliye Mahkemesi Ba\u015fkan\u0131 Ramazan Aksan\u2019\u0131 da makam\u0131nda ziyaret etti.<\/p>\n<p><img fetchpriority=\"high\" decoding=\"async\" class=\"alignnone size-large wp-image-162997\" src=\"https:\/\/www.son.tv\/wp-content\/uploads\/2025\/09\/41d9c1fe-6a71-458e-880b-39c06d0646f7-1024x682.jpeg\" alt=\"\" width=\"1024\" height=\"682\" \/><\/p>\n<p>Dan\u0131\u015ftay Cumhuriyet Ba\u015fsavc\u0131s\u0131 Cevdet Erkan, hay\u0131rl\u0131 olsun ziyareti kapsam\u0131nda Ankara B\u00f6lge Adliye Mahkemesi Cumhuriyet Ba\u015fsavc\u0131s\u0131 Halil \u0130nal ve Ankara B\u00f6lge Adliye Mahkemesi Ba\u015fkan\u0131 Ramazan Aksan ile bir araya geldi.\u00a0<a href=\"https:\/\/www.son.tv\/danistay-cumhuriyet-bassavcisi-cevdet-erkandan-hayirli-olsun-ziyareti\/\" target=\"_blank\" class=\"feedzy-rss-link-icon\">Read More<\/a><\/p>","protected":false},"excerpt":{"rendered":"<p>Dan\u0131\u015ftay Cumhuriyet Ba\u015fsavc\u0131s\u0131 Cevdet Erkan, Ankara B\u00f6lge Adliye Mahkemesi Cumhuriyet Ba\u015fsavc\u0131s\u0131 Halil \u0130nal\u2019a hay\u0131rl\u0131 olsun ziyaretinde bulundu. Ziyaretin ard\u0131ndan Erkan, Ankara B\u00f6lge Adliye Mahkemesi Ba\u015fkan\u0131 Ramazan Aksan\u2019\u0131 da makam\u0131nda ziyaret etti. Dan\u0131\u015ftay Cumhuriyet Ba\u015fsavc\u0131s\u0131 Cevdet Erkan, hay\u0131rl\u0131 olsun ziyareti kapsam\u0131nda Ankara B\u00f6lge Adliye Mahkemesi Cumhuriyet Ba\u015fsavc\u0131s\u0131 Halil \u0130nal ve Ankara B\u00f6lge Adliye Mahkemesi Ba\u015fkan\u0131 Ramazan [&hellip;]<\/p>\n","protected":false},"author":1,"featured_media":5436,"comment_status":"open","ping_status":"open","sticky":false,"template":"","format":"standard","meta":{"footnotes":"","_links_to":"","_links_to_target":""},"categories":[1],"tags":[],"class_list":["post-5435","post","type-post","status-publish","format-standard","has-post-thumbnail","hentry","category-haberler"],"_links":{"self":[{"href":"https:\/\/www.abchukuk.com\/index.php\/wp-json\/wp\/v2\/posts\/5435","targetHints":{"allow":["GET"]}}],"collection":[{"href":"https:\/\/www.abchukuk.com\/index.php\/wp-json\/wp\/v2\/posts"}],"about":[{"href":"https:\/\/www.abchukuk.com\/index.php\/wp-json\/wp\/v2\/types\/post"}],"author":[{"embeddable":true,"href":"https:\/\/www.abchukuk.com\/index.php\/wp-json\/wp\/v2\/users\/1"}],"replies":[{"embeddable":true,"href":"https:\/\/www.abchukuk.com\/index.php\/wp-json\/wp\/v2\/comments?post=5435"}],"version-history":[{"count":0,"href":"https:\/\/www.abchukuk.com\/index.php\/wp-json\/wp\/v2\/posts\/5435\/revisions"}],"wp:featuredmedia":[{"embeddable":true,"href":"https:\/\/www.abchukuk.com\/index.php\/wp-json\/wp\/v2\/media\/5436"}],"wp:attachment":[{"href":"https:\/\/www.abchukuk.com\/index.php\/wp-json\/wp\/v2\/media?parent=5435"}],"wp:term":[{"taxonomy":"category","embeddable":true,"href":"https:\/\/www.abchukuk.com\/index.php\/wp-json\/wp\/v2\/categories?post=5435"},{"taxonomy":"post_tag","embeddable":true,"href":"https:\/\/www.abchukuk.com\/index.php\/wp-json\/wp\/v2\/tags?post=5435"}],"curies":[{"name":"wp","href":"https:\/\/api.w.org\/{rel}","templated":true}]}}