{"id":5429,"date":"2025-09-16T13:44:00","date_gmt":"2025-09-16T13:44:00","guid":{"rendered":"https:\/\/www.abchukuk.com\/index.php\/2025\/09\/16\/sakincali-bulundu-selahattin-demirtasin-kitaplari-cezaevine-alinmadi\/"},"modified":"2025-09-16T13:44:00","modified_gmt":"2025-09-16T13:44:00","slug":"sakincali-bulundu-selahattin-demirtasin-kitaplari-cezaevine-alinmadi","status":"publish","type":"post","link":"https:\/\/www.abchukuk.com\/index.php\/2025\/09\/16\/sakincali-bulundu-selahattin-demirtasin-kitaplari-cezaevine-alinmadi\/","title":{"rendered":"&#8216;Sak\u0131ncal\u0131&#8217; bulundu: Selahattin Demirta\u015f&#8217;\u0131n kitaplar\u0131 cezaevine al\u0131nmad\u0131!"},"content":{"rendered":"<p>DEM Parti Mersin Milletvekili Ali Bozan, Edirne Cezaevi&#8217;nde tutuklu bulunan eski HDP E\u015f Genel Ba\u015fkan\u0131 Selahattin Demirta\u015f&#8217;\u0131n &#8220;DAD&#8221; ve &#8220;Arafta D\u00fcet&#8221; kitaplar\u0131n\u0131n Suluca 1 Nolu Y\u00fcksek G\u00fcvenlikli Cezaevi taraf\u0131ndan &#8220;sak\u0131ncal\u0131&#8221; oldu\u011fu gerek\u00e7esiyle cezaevine al\u0131nmad\u0131\u011f\u0131n\u0131 s\u00f6yledi.DEM Parti Mersin Milletvekili Ali Bozan, Edirne Cezaevi&#8217;nde tutuklu bulunan eski HDP E\u015f Genel Ba\u015fkan\u0131 Selahattin Demirta\u015f&#8217;\u0131n &#8220;DAD&#8221; ve &#8220;Arafta D\u00fcet&#8221; kitaplar\u0131n\u0131n Suluca 1 Nolu Y\u00fcksek G\u00fcvenlikli Cezaevi taraf\u0131ndan &#8220;sak\u0131ncal\u0131&#8221; oldu\u011fu gerek\u00e7esiyle cezaevine al\u0131nmad\u0131\u011f\u0131n\u0131 s\u00f6yledi.\u00a0<a href=\"https:\/\/www.cumhuriyet.com.tr\/siyaset\/sakincali-bulundu-selahattin-demirtas-in-kitaplari-cezaevine-alinmadi-2435655\" target=\"_blank\" class=\"feedzy-rss-link-icon\">Read More<\/a><\/p>","protected":false},"excerpt":{"rendered":"<p>DEM Parti Mersin Milletvekili Ali Bozan, Edirne Cezaevi&#8217;nde tutuklu bulunan eski HDP E\u015f Genel Ba\u015fkan\u0131 Selahattin Demirta\u015f&#8217;\u0131n &#8220;DAD&#8221; ve &#8220;Arafta D\u00fcet&#8221; kitaplar\u0131n\u0131n Suluca 1 Nolu Y\u00fcksek G\u00fcvenlikli Cezaevi taraf\u0131ndan &#8220;sak\u0131ncal\u0131&#8221; oldu\u011fu gerek\u00e7esiyle cezaevine al\u0131nmad\u0131\u011f\u0131n\u0131 s\u00f6yledi.DEM Parti Mersin Milletvekili Ali Bozan, Edirne Cezaevi&#8217;nde tutuklu bulunan eski HDP E\u015f Genel Ba\u015fkan\u0131 Selahattin Demirta\u015f&#8217;\u0131n &#8220;DAD&#8221; ve &#8220;Arafta D\u00fcet&#8221; [&hellip;]<\/p>\n","protected":false},"author":1,"featured_media":5430,"comment_status":"open","ping_status":"open","sticky":false,"template":"","format":"standard","meta":{"footnotes":"","_links_to":"","_links_to_target":""},"categories":[1],"tags":[],"class_list":["post-5429","post","type-post","status-publish","format-standard","has-post-thumbnail","hentry","category-haberler"],"_links":{"self":[{"href":"https:\/\/www.abchukuk.com\/index.php\/wp-json\/wp\/v2\/posts\/5429","targetHints":{"allow":["GET"]}}],"collection":[{"href":"https:\/\/www.abchukuk.com\/index.php\/wp-json\/wp\/v2\/posts"}],"about":[{"href":"https:\/\/www.abchukuk.com\/index.php\/wp-json\/wp\/v2\/types\/post"}],"author":[{"embeddable":true,"href":"https:\/\/www.abchukuk.com\/index.php\/wp-json\/wp\/v2\/users\/1"}],"replies":[{"embeddable":true,"href":"https:\/\/www.abchukuk.com\/index.php\/wp-json\/wp\/v2\/comments?post=5429"}],"version-history":[{"count":0,"href":"https:\/\/www.abchukuk.com\/index.php\/wp-json\/wp\/v2\/posts\/5429\/revisions"}],"wp:featuredmedia":[{"embeddable":true,"href":"https:\/\/www.abchukuk.com\/index.php\/wp-json\/wp\/v2\/media\/5430"}],"wp:attachment":[{"href":"https:\/\/www.abchukuk.com\/index.php\/wp-json\/wp\/v2\/media?parent=5429"}],"wp:term":[{"taxonomy":"category","embeddable":true,"href":"https:\/\/www.abchukuk.com\/index.php\/wp-json\/wp\/v2\/categories?post=5429"},{"taxonomy":"post_tag","embeddable":true,"href":"https:\/\/www.abchukuk.com\/index.php\/wp-json\/wp\/v2\/tags?post=5429"}],"curies":[{"name":"wp","href":"https:\/\/api.w.org\/{rel}","templated":true}]}}