{"id":5424,"date":"2025-09-16T12:02:53","date_gmt":"2025-09-16T12:02:53","guid":{"rendered":"https:\/\/www.abchukuk.com\/index.php\/2025\/09\/16\/kanli-pazar-davasi-basliyor-aileler-belfastta-adalet-icin-yurudu\/"},"modified":"2025-09-16T12:02:53","modified_gmt":"2025-09-16T12:02:53","slug":"kanli-pazar-davasi-basliyor-aileler-belfastta-adalet-icin-yurudu","status":"publish","type":"post","link":"https:\/\/www.abchukuk.com\/index.php\/2025\/09\/16\/kanli-pazar-davasi-basliyor-aileler-belfastta-adalet-icin-yurudu\/","title":{"rendered":"Kanl\u0131 Pazar davas\u0131 ba\u015fl\u0131yor: Aileler Belfast\u2019ta adalet i\u00e7in y\u00fcr\u00fcd\u00fc"},"content":{"rendered":"<p>1972\u2019deki Kanl\u0131 Pazar katliam\u0131nda ya\u015fam\u0131n\u0131 yitirenlerin aileleri, dava s\u00fcrecinin ba\u015flamas\u0131 \u00f6ncesinde pazartesi g\u00fcn\u00fc Belfast\u2019taki adliye binas\u0131na do\u011fru y\u00fcr\u00fcd\u00fc.1972\u2019deki Kanl\u0131 Pazar katliam\u0131nda ya\u015fam\u0131n\u0131 yitirenlerin aileleri, dava s\u00fcrecinin ba\u015flamas\u0131 \u00f6ncesinde pazartesi g\u00fcn\u00fc Belfast\u2019taki adliye binas\u0131na do\u011fru y\u00fcr\u00fcd\u00fc.\u00a0<a href=\"http:\/\/tr.euronews.com\/video\/2025\/09\/16\/kanli-pazar-davasi-basliyor-aileler-belfastta-adalet-icin-yurudu\" target=\"_blank\" class=\"feedzy-rss-link-icon\">Read More<\/a><\/p>","protected":false},"excerpt":{"rendered":"<p>1972\u2019deki Kanl\u0131 Pazar katliam\u0131nda ya\u015fam\u0131n\u0131 yitirenlerin aileleri, dava s\u00fcrecinin ba\u015flamas\u0131 \u00f6ncesinde pazartesi g\u00fcn\u00fc Belfast\u2019taki adliye binas\u0131na do\u011fru y\u00fcr\u00fcd\u00fc.1972\u2019deki Kanl\u0131 Pazar katliam\u0131nda ya\u015fam\u0131n\u0131 yitirenlerin aileleri, dava s\u00fcrecinin ba\u015flamas\u0131 \u00f6ncesinde pazartesi g\u00fcn\u00fc Belfast\u2019taki adliye binas\u0131na do\u011fru y\u00fcr\u00fcd\u00fc.\u00a0Read More<\/p>\n","protected":false},"author":1,"featured_media":0,"comment_status":"open","ping_status":"open","sticky":false,"template":"","format":"standard","meta":{"footnotes":"","_links_to":"","_links_to_target":""},"categories":[1],"tags":[],"class_list":["post-5424","post","type-post","status-publish","format-standard","hentry","category-haberler"],"_links":{"self":[{"href":"https:\/\/www.abchukuk.com\/index.php\/wp-json\/wp\/v2\/posts\/5424","targetHints":{"allow":["GET"]}}],"collection":[{"href":"https:\/\/www.abchukuk.com\/index.php\/wp-json\/wp\/v2\/posts"}],"about":[{"href":"https:\/\/www.abchukuk.com\/index.php\/wp-json\/wp\/v2\/types\/post"}],"author":[{"embeddable":true,"href":"https:\/\/www.abchukuk.com\/index.php\/wp-json\/wp\/v2\/users\/1"}],"replies":[{"embeddable":true,"href":"https:\/\/www.abchukuk.com\/index.php\/wp-json\/wp\/v2\/comments?post=5424"}],"version-history":[{"count":0,"href":"https:\/\/www.abchukuk.com\/index.php\/wp-json\/wp\/v2\/posts\/5424\/revisions"}],"wp:attachment":[{"href":"https:\/\/www.abchukuk.com\/index.php\/wp-json\/wp\/v2\/media?parent=5424"}],"wp:term":[{"taxonomy":"category","embeddable":true,"href":"https:\/\/www.abchukuk.com\/index.php\/wp-json\/wp\/v2\/categories?post=5424"},{"taxonomy":"post_tag","embeddable":true,"href":"https:\/\/www.abchukuk.com\/index.php\/wp-json\/wp\/v2\/tags?post=5424"}],"curies":[{"name":"wp","href":"https:\/\/api.w.org\/{rel}","templated":true}]}}