{"id":5410,"date":"2025-09-16T10:04:00","date_gmt":"2025-09-16T10:04:00","guid":{"rendered":"https:\/\/www.abchukuk.com\/index.php\/2025\/09\/16\/cumhurbaskani-erdogandan-alevi-cikisi-hesabi-yargi-onunde-sorulacak\/"},"modified":"2025-09-16T10:04:00","modified_gmt":"2025-09-16T10:04:00","slug":"cumhurbaskani-erdogandan-alevi-cikisi-hesabi-yargi-onunde-sorulacak","status":"publish","type":"post","link":"https:\/\/www.abchukuk.com\/index.php\/2025\/09\/16\/cumhurbaskani-erdogandan-alevi-cikisi-hesabi-yargi-onunde-sorulacak\/","title":{"rendered":"Cumhurba\u015fkan\u0131 Erdo\u011fan&#8217;dan &#8216;Alevi&#8217; \u00c7\u0131k\u0131\u015f\u0131! &#8216;Hesab\u0131 Yarg\u0131 \u00d6n\u00fcnde Sorulacak&#8217;"},"content":{"rendered":"<p><a href=\"https:\/\/www.gercekgundem.com\/siyaset\/cumhurbaskani-erdogandan-alevi-cikisi-hesabi-yargi-onunde-sorulacak-555543\"><br \/>\n                                                            <img decoding=\"async\" src=\"https:\/\/i.gercekgundem.com\/2\/150\/84\/storage\/files\/images\/2025\/09\/13\/cumhurbaskani-erdogandan-chpye-sert-elestiriler-kavga-kaos-kriz-ntgy.jpg\" width=\"150\" height=\"84\" border=\"0\" align=\"right\" \/><br \/>\n                                                    <\/a><\/p>\n<h4>Cumhurba\u015fkan\u0131 Erdo\u011fan, eski CHP lideri K\u0131l\u0131\u00e7daro\u011flu \u00fczerinden Alevilere y\u00f6nelik ayr\u0131mc\u0131 s\u00f6ylemlere sert tepki g\u00f6sterdi. &#8220;Alevi vatanda\u015flar\u0131m\u0131zla biz adeta etle t\u0131rnak gibiyiz. Onlar\u0131 farkl\u0131 bir yere asla atamay\u0131z&#8221; diyen Cumhurba\u015fkan\u0131 Erdo\u011fan, &#8220;Hukuk gere\u011fini yapacak, bu provokasyonlar\u0131n hesab\u0131 yarg\u0131 \u00f6n\u00fcnde sorulacakt\u0131r&#8221; ifadesini kulland\u0131.<\/h4>\n<p>Cumhurba\u015fkan\u0131 Erdo\u011fan, eski CHP lideri K\u0131l\u0131\u00e7daro\u011flu \u00fczerinden Alevilere y\u00f6nelik ayr\u0131mc\u0131 s\u00f6ylemlere sert tepki g\u00f6sterdi. &#8220;Alevi vatanda\u015flar\u0131m\u0131zla biz adeta etle t\u0131rnak gibiyiz. Onlar\u0131 farkl\u0131 bir yere asla atamay\u0131z&#8221; diyen Cumhurba\u015fkan\u0131 Erdo\u011fan, &#8220;Hukuk gere\u011fini yapacak, bu provokasyonlar\u0131n hesab\u0131 yarg\u0131 \u00f6n\u00fcnde sorulacakt\u0131r&#8221; ifadesini kulland\u0131.\u00a0<a href=\"https:\/\/www.gercekgundem.com\/siyaset\/cumhurbaskani-erdogandan-alevi-cikisi-hesabi-yargi-onunde-sorulacak-555543\" target=\"_blank\" class=\"feedzy-rss-link-icon\">Read More<\/a><\/p>","protected":false},"excerpt":{"rendered":"<p>Cumhurba\u015fkan\u0131 Erdo\u011fan, eski CHP lideri K\u0131l\u0131\u00e7daro\u011flu \u00fczerinden Alevilere y\u00f6nelik ayr\u0131mc\u0131 s\u00f6ylemlere sert tepki g\u00f6sterdi. &#8220;Alevi vatanda\u015flar\u0131m\u0131zla biz adeta etle t\u0131rnak gibiyiz. Onlar\u0131 farkl\u0131 bir yere asla atamay\u0131z&#8221; diyen Cumhurba\u015fkan\u0131 Erdo\u011fan, &#8220;Hukuk gere\u011fini yapacak, bu provokasyonlar\u0131n hesab\u0131 yarg\u0131 \u00f6n\u00fcnde sorulacakt\u0131r&#8221; ifadesini kulland\u0131. Cumhurba\u015fkan\u0131 Erdo\u011fan, eski CHP lideri K\u0131l\u0131\u00e7daro\u011flu \u00fczerinden Alevilere y\u00f6nelik ayr\u0131mc\u0131 s\u00f6ylemlere sert tepki g\u00f6sterdi. [&hellip;]<\/p>\n","protected":false},"author":1,"featured_media":5411,"comment_status":"open","ping_status":"open","sticky":false,"template":"","format":"standard","meta":{"footnotes":"","_links_to":"","_links_to_target":""},"categories":[1],"tags":[],"class_list":["post-5410","post","type-post","status-publish","format-standard","has-post-thumbnail","hentry","category-haberler"],"_links":{"self":[{"href":"https:\/\/www.abchukuk.com\/index.php\/wp-json\/wp\/v2\/posts\/5410","targetHints":{"allow":["GET"]}}],"collection":[{"href":"https:\/\/www.abchukuk.com\/index.php\/wp-json\/wp\/v2\/posts"}],"about":[{"href":"https:\/\/www.abchukuk.com\/index.php\/wp-json\/wp\/v2\/types\/post"}],"author":[{"embeddable":true,"href":"https:\/\/www.abchukuk.com\/index.php\/wp-json\/wp\/v2\/users\/1"}],"replies":[{"embeddable":true,"href":"https:\/\/www.abchukuk.com\/index.php\/wp-json\/wp\/v2\/comments?post=5410"}],"version-history":[{"count":0,"href":"https:\/\/www.abchukuk.com\/index.php\/wp-json\/wp\/v2\/posts\/5410\/revisions"}],"wp:featuredmedia":[{"embeddable":true,"href":"https:\/\/www.abchukuk.com\/index.php\/wp-json\/wp\/v2\/media\/5411"}],"wp:attachment":[{"href":"https:\/\/www.abchukuk.com\/index.php\/wp-json\/wp\/v2\/media?parent=5410"}],"wp:term":[{"taxonomy":"category","embeddable":true,"href":"https:\/\/www.abchukuk.com\/index.php\/wp-json\/wp\/v2\/categories?post=5410"},{"taxonomy":"post_tag","embeddable":true,"href":"https:\/\/www.abchukuk.com\/index.php\/wp-json\/wp\/v2\/tags?post=5410"}],"curies":[{"name":"wp","href":"https:\/\/api.w.org\/{rel}","templated":true}]}}