{"id":5407,"date":"2025-09-16T10:10:28","date_gmt":"2025-09-16T10:10:28","guid":{"rendered":"https:\/\/www.abchukuk.com\/index.php\/2025\/09\/16\/erdogandan-chpnin-kurultay-davasi-degerlendirmesi-davanin-hicbir-yerinde-ak-parti-olarak-yokuz-yargi-tek-amir\/"},"modified":"2025-09-16T10:10:28","modified_gmt":"2025-09-16T10:10:28","slug":"erdogandan-chpnin-kurultay-davasi-degerlendirmesi-davanin-hicbir-yerinde-ak-parti-olarak-yokuz-yargi-tek-amir","status":"publish","type":"post","link":"https:\/\/www.abchukuk.com\/index.php\/2025\/09\/16\/erdogandan-chpnin-kurultay-davasi-degerlendirmesi-davanin-hicbir-yerinde-ak-parti-olarak-yokuz-yargi-tek-amir\/","title":{"rendered":"Erdo\u011fan&#8217;dan CHP&#8217;nin kurultay davas\u0131 de\u011ferlendirmesi: &#8216;Davan\u0131n hi\u00e7bir yerinde AK Parti olarak yokuz. Yarg\u0131 tek amir&#8217;"},"content":{"rendered":"<p>Cumhurba\u015fkan\u0131 Erdo\u011fan CHP&#8217;nin kurultay davas\u0131 s\u00fcrecini de\u011ferlendirdi ve &#8220;\u015eu anda yarg\u0131 burada tek amir&#8221; dedi. Erdo\u011fan &#8220;Davan\u0131n hi\u00e7bir yerinde AK Parti olarak yokuz&#8221; diye de ekledi.Cumhurba\u015fkan\u0131 Erdo\u011fan CHP&#8217;nin kurultay davas\u0131 s\u00fcrecini de\u011ferlendirdi ve &#8220;\u015eu anda yarg\u0131 burada tek amir&#8221; dedi. Erdo\u011fan &#8220;Davan\u0131n hi\u00e7bir yerinde AK Parti olarak yokuz&#8221; diye de ekledi.\u00a0<a href=\"https:\/\/anlatilaninotesi.com.tr\/20250916\/erdogandan-chpnin-kurultay-davasi-degerlendirmesi-davanin-hicbir-yerinde-ak-parti-olarak-yokuz-1099404590.html\" target=\"_blank\" class=\"feedzy-rss-link-icon\">Read More<\/a><\/p>","protected":false},"excerpt":{"rendered":"<p>Cumhurba\u015fkan\u0131 Erdo\u011fan CHP&#8217;nin kurultay davas\u0131 s\u00fcrecini de\u011ferlendirdi ve &#8220;\u015eu anda yarg\u0131 burada tek amir&#8221; dedi. Erdo\u011fan &#8220;Davan\u0131n hi\u00e7bir yerinde AK Parti olarak yokuz&#8221; diye de ekledi.Cumhurba\u015fkan\u0131 Erdo\u011fan CHP&#8217;nin kurultay davas\u0131 s\u00fcrecini de\u011ferlendirdi ve &#8220;\u015eu anda yarg\u0131 burada tek amir&#8221; dedi. Erdo\u011fan &#8220;Davan\u0131n hi\u00e7bir yerinde AK Parti olarak yokuz&#8221; diye de ekledi.\u00a0Read More<\/p>\n","protected":false},"author":1,"featured_media":0,"comment_status":"open","ping_status":"open","sticky":false,"template":"","format":"standard","meta":{"footnotes":"","_links_to":"","_links_to_target":""},"categories":[1],"tags":[],"class_list":["post-5407","post","type-post","status-publish","format-standard","hentry","category-haberler"],"_links":{"self":[{"href":"https:\/\/www.abchukuk.com\/index.php\/wp-json\/wp\/v2\/posts\/5407","targetHints":{"allow":["GET"]}}],"collection":[{"href":"https:\/\/www.abchukuk.com\/index.php\/wp-json\/wp\/v2\/posts"}],"about":[{"href":"https:\/\/www.abchukuk.com\/index.php\/wp-json\/wp\/v2\/types\/post"}],"author":[{"embeddable":true,"href":"https:\/\/www.abchukuk.com\/index.php\/wp-json\/wp\/v2\/users\/1"}],"replies":[{"embeddable":true,"href":"https:\/\/www.abchukuk.com\/index.php\/wp-json\/wp\/v2\/comments?post=5407"}],"version-history":[{"count":0,"href":"https:\/\/www.abchukuk.com\/index.php\/wp-json\/wp\/v2\/posts\/5407\/revisions"}],"wp:attachment":[{"href":"https:\/\/www.abchukuk.com\/index.php\/wp-json\/wp\/v2\/media?parent=5407"}],"wp:term":[{"taxonomy":"category","embeddable":true,"href":"https:\/\/www.abchukuk.com\/index.php\/wp-json\/wp\/v2\/categories?post=5407"},{"taxonomy":"post_tag","embeddable":true,"href":"https:\/\/www.abchukuk.com\/index.php\/wp-json\/wp\/v2\/tags?post=5407"}],"curies":[{"name":"wp","href":"https:\/\/api.w.org\/{rel}","templated":true}]}}