{"id":5405,"date":"2025-09-16T10:15:00","date_gmt":"2025-09-16T10:15:00","guid":{"rendered":"https:\/\/www.abchukuk.com\/index.php\/2025\/09\/16\/isik-okte-kimdir-ekonomist-isik-okte-neden-gozaltina-alindi\/"},"modified":"2025-09-16T10:15:00","modified_gmt":"2025-09-16T10:15:00","slug":"isik-okte-kimdir-ekonomist-isik-okte-neden-gozaltina-alindi","status":"publish","type":"post","link":"https:\/\/www.abchukuk.com\/index.php\/2025\/09\/16\/isik-okte-kimdir-ekonomist-isik-okte-neden-gozaltina-alindi\/","title":{"rendered":"I\u015f\u0131k \u00d6kte kimdir? Ekonomist I\u015f\u0131k \u00d6kte neden g\u00f6zalt\u0131na al\u0131nd\u0131?"},"content":{"rendered":"<p>Borsa \u0130stanbul (B\u0130ST) pay piyasas\u0131ndaki baz\u0131 i\u015flemlerde manip\u00fclasyon yapt\u0131klar\u0131 iddias\u0131yla 14 \u015f\u00fcpheli g\u00f6zalt\u0131na al\u0131nd\u0131. G\u00f6zalt\u0131na al\u0131nan isimlerden biri de \u00fcnl\u00fc ekonomist I\u015f\u0131k \u00d6kte&#8230; Peki, I\u015f\u0131k \u00d6kte kimdir? Ekonomist I\u015f\u0131k \u00d6kte neden g\u00f6zalt\u0131na al\u0131nd\u0131?Borsa \u0130stanbul (B\u0130ST) pay piyasas\u0131ndaki baz\u0131 i\u015flemlerde manip\u00fclasyon yapt\u0131klar\u0131 iddias\u0131yla 14 \u015f\u00fcpheli g\u00f6zalt\u0131na al\u0131nd\u0131. G\u00f6zalt\u0131na al\u0131nan isimlerden biri de \u00fcnl\u00fc ekonomist I\u015f\u0131k \u00d6kte&#8230; Peki, I\u015f\u0131k \u00d6kte kimdir? Ekonomist I\u015f\u0131k \u00d6kte neden g\u00f6zalt\u0131na al\u0131nd\u0131?\u00a0<a href=\"https:\/\/www.cumhuriyet.com.tr\/turkiye\/isik-okte-kimdir-ekonomist-isik-okte-neden-gozaltina-alindi-2435583\" target=\"_blank\" class=\"feedzy-rss-link-icon\">Read More<\/a><\/p>","protected":false},"excerpt":{"rendered":"<p>Borsa \u0130stanbul (B\u0130ST) pay piyasas\u0131ndaki baz\u0131 i\u015flemlerde manip\u00fclasyon yapt\u0131klar\u0131 iddias\u0131yla 14 \u015f\u00fcpheli g\u00f6zalt\u0131na al\u0131nd\u0131. G\u00f6zalt\u0131na al\u0131nan isimlerden biri de \u00fcnl\u00fc ekonomist I\u015f\u0131k \u00d6kte&#8230; Peki, I\u015f\u0131k \u00d6kte kimdir? Ekonomist I\u015f\u0131k \u00d6kte neden g\u00f6zalt\u0131na al\u0131nd\u0131?Borsa \u0130stanbul (B\u0130ST) pay piyasas\u0131ndaki baz\u0131 i\u015flemlerde manip\u00fclasyon yapt\u0131klar\u0131 iddias\u0131yla 14 \u015f\u00fcpheli g\u00f6zalt\u0131na al\u0131nd\u0131. G\u00f6zalt\u0131na al\u0131nan isimlerden biri de \u00fcnl\u00fc ekonomist I\u015f\u0131k \u00d6kte&#8230; [&hellip;]<\/p>\n","protected":false},"author":1,"featured_media":5406,"comment_status":"open","ping_status":"open","sticky":false,"template":"","format":"standard","meta":{"footnotes":"","_links_to":"","_links_to_target":""},"categories":[1],"tags":[],"class_list":["post-5405","post","type-post","status-publish","format-standard","has-post-thumbnail","hentry","category-haberler"],"_links":{"self":[{"href":"https:\/\/www.abchukuk.com\/index.php\/wp-json\/wp\/v2\/posts\/5405","targetHints":{"allow":["GET"]}}],"collection":[{"href":"https:\/\/www.abchukuk.com\/index.php\/wp-json\/wp\/v2\/posts"}],"about":[{"href":"https:\/\/www.abchukuk.com\/index.php\/wp-json\/wp\/v2\/types\/post"}],"author":[{"embeddable":true,"href":"https:\/\/www.abchukuk.com\/index.php\/wp-json\/wp\/v2\/users\/1"}],"replies":[{"embeddable":true,"href":"https:\/\/www.abchukuk.com\/index.php\/wp-json\/wp\/v2\/comments?post=5405"}],"version-history":[{"count":0,"href":"https:\/\/www.abchukuk.com\/index.php\/wp-json\/wp\/v2\/posts\/5405\/revisions"}],"wp:featuredmedia":[{"embeddable":true,"href":"https:\/\/www.abchukuk.com\/index.php\/wp-json\/wp\/v2\/media\/5406"}],"wp:attachment":[{"href":"https:\/\/www.abchukuk.com\/index.php\/wp-json\/wp\/v2\/media?parent=5405"}],"wp:term":[{"taxonomy":"category","embeddable":true,"href":"https:\/\/www.abchukuk.com\/index.php\/wp-json\/wp\/v2\/categories?post=5405"},{"taxonomy":"post_tag","embeddable":true,"href":"https:\/\/www.abchukuk.com\/index.php\/wp-json\/wp\/v2\/tags?post=5405"}],"curies":[{"name":"wp","href":"https:\/\/api.w.org\/{rel}","templated":true}]}}