{"id":5397,"date":"2025-09-16T09:44:00","date_gmt":"2025-09-16T09:44:00","guid":{"rendered":"https:\/\/www.abchukuk.com\/index.php\/2025\/09\/16\/orgut-propagandasi-suclamasi-sanatci-pinar-aydinlar-icin-hapis-cezasi-istemi\/"},"modified":"2025-09-16T09:44:00","modified_gmt":"2025-09-16T09:44:00","slug":"orgut-propagandasi-suclamasi-sanatci-pinar-aydinlar-icin-hapis-cezasi-istemi","status":"publish","type":"post","link":"https:\/\/www.abchukuk.com\/index.php\/2025\/09\/16\/orgut-propagandasi-suclamasi-sanatci-pinar-aydinlar-icin-hapis-cezasi-istemi\/","title":{"rendered":"&#8216;\u00d6rg\u00fct propagandas\u0131&#8217; su\u00e7lamas\u0131: Sanat\u00e7\u0131 P\u0131nar Ayd\u0131nlar i\u00e7in hapis cezas\u0131 istemi!"},"content":{"rendered":"<p>\u0130BB&#8217;nin d\u00fczenledi\u011fi etkinlikte \u00f6rg\u00fct propagandas\u0131 yapt\u0131\u011f\u0131 iddias\u0131yla yarg\u0131lanan sanat\u00e7\u0131 P\u0131nar Ayd\u0131nlar&#8217;\u0131n &#8220;ter\u00f6r \u00f6rg\u00fct\u00fc propagandas\u0131&#8221; su\u00e7undan 7 y\u0131l 6 aya kadar hapsi istendi.\u0130BB&#8217;nin d\u00fczenledi\u011fi etkinlikte \u00f6rg\u00fct propagandas\u0131 yapt\u0131\u011f\u0131 iddias\u0131yla yarg\u0131lanan sanat\u00e7\u0131 P\u0131nar Ayd\u0131nlar&#8217;\u0131n &#8220;ter\u00f6r \u00f6rg\u00fct\u00fc propagandas\u0131&#8221; su\u00e7undan 7 y\u0131l 6 aya kadar hapsi istendi.\u00a0<a href=\"https:\/\/www.cumhuriyet.com.tr\/siyaset\/orgut-propagandasi-suclamasi-sanatci-pinar-aydinlar-icin-hapis-cezasi-istemi-2435565\" target=\"_blank\" class=\"feedzy-rss-link-icon\">Read More<\/a><\/p>","protected":false},"excerpt":{"rendered":"<p>\u0130BB&#8217;nin d\u00fczenledi\u011fi etkinlikte \u00f6rg\u00fct propagandas\u0131 yapt\u0131\u011f\u0131 iddias\u0131yla yarg\u0131lanan sanat\u00e7\u0131 P\u0131nar Ayd\u0131nlar&#8217;\u0131n &#8220;ter\u00f6r \u00f6rg\u00fct\u00fc propagandas\u0131&#8221; su\u00e7undan 7 y\u0131l 6 aya kadar hapsi istendi.\u0130BB&#8217;nin d\u00fczenledi\u011fi etkinlikte \u00f6rg\u00fct propagandas\u0131 yapt\u0131\u011f\u0131 iddias\u0131yla yarg\u0131lanan sanat\u00e7\u0131 P\u0131nar Ayd\u0131nlar&#8217;\u0131n &#8220;ter\u00f6r \u00f6rg\u00fct\u00fc propagandas\u0131&#8221; su\u00e7undan 7 y\u0131l 6 aya kadar hapsi istendi.\u00a0Read More<\/p>\n","protected":false},"author":1,"featured_media":5398,"comment_status":"open","ping_status":"open","sticky":false,"template":"","format":"standard","meta":{"footnotes":"","_links_to":"","_links_to_target":""},"categories":[1],"tags":[],"class_list":["post-5397","post","type-post","status-publish","format-standard","has-post-thumbnail","hentry","category-haberler"],"_links":{"self":[{"href":"https:\/\/www.abchukuk.com\/index.php\/wp-json\/wp\/v2\/posts\/5397","targetHints":{"allow":["GET"]}}],"collection":[{"href":"https:\/\/www.abchukuk.com\/index.php\/wp-json\/wp\/v2\/posts"}],"about":[{"href":"https:\/\/www.abchukuk.com\/index.php\/wp-json\/wp\/v2\/types\/post"}],"author":[{"embeddable":true,"href":"https:\/\/www.abchukuk.com\/index.php\/wp-json\/wp\/v2\/users\/1"}],"replies":[{"embeddable":true,"href":"https:\/\/www.abchukuk.com\/index.php\/wp-json\/wp\/v2\/comments?post=5397"}],"version-history":[{"count":0,"href":"https:\/\/www.abchukuk.com\/index.php\/wp-json\/wp\/v2\/posts\/5397\/revisions"}],"wp:featuredmedia":[{"embeddable":true,"href":"https:\/\/www.abchukuk.com\/index.php\/wp-json\/wp\/v2\/media\/5398"}],"wp:attachment":[{"href":"https:\/\/www.abchukuk.com\/index.php\/wp-json\/wp\/v2\/media?parent=5397"}],"wp:term":[{"taxonomy":"category","embeddable":true,"href":"https:\/\/www.abchukuk.com\/index.php\/wp-json\/wp\/v2\/categories?post=5397"},{"taxonomy":"post_tag","embeddable":true,"href":"https:\/\/www.abchukuk.com\/index.php\/wp-json\/wp\/v2\/tags?post=5397"}],"curies":[{"name":"wp","href":"https:\/\/api.w.org\/{rel}","templated":true}]}}