{"id":5395,"date":"2025-09-16T09:56:00","date_gmt":"2025-09-16T09:56:00","guid":{"rendered":"https:\/\/www.abchukuk.com\/index.php\/2025\/09\/16\/sarinvomit-grubu-uyelerine-halki-kin-ve-dusmanliga-tahrikten-tutuklama\/"},"modified":"2025-09-16T09:56:00","modified_gmt":"2025-09-16T09:56:00","slug":"sarinvomit-grubu-uyelerine-halki-kin-ve-dusmanliga-tahrikten-tutuklama","status":"publish","type":"post","link":"https:\/\/www.abchukuk.com\/index.php\/2025\/09\/16\/sarinvomit-grubu-uyelerine-halki-kin-ve-dusmanliga-tahrikten-tutuklama\/","title":{"rendered":"Sarinvomit grubu \u00fcyelerine &#8216;halk\u0131 kin ve d\u00fc\u015fmanl\u0131\u011fa tahrik&#8217;ten tutuklama"},"content":{"rendered":"<p>\u015eark\u0131 s\u00f6zleri ve yapt\u0131klar\u0131 sosyal medya payla\u015f\u0131mlar\u0131yla dini de\u011ferlere hakaret etti\u011fi \u00f6ne s\u00fcr\u00fclen &#8220;Sarinvomit&#8221; isimli rock grubu \u00fcyesi 5 \u015f\u00fcpheli, &#8220;halk\u0131 kin ve d\u00fc\u015fmanl\u0131\u011fa tahrik veya a\u015fa\u011f\u0131lama&#8221; su\u00e7undan tutukland\u0131.\u015eark\u0131 s\u00f6zleri ve yapt\u0131klar\u0131 sosyal medya payla\u015f\u0131mlar\u0131yla dini de\u011ferlere hakaret etti\u011fi \u00f6ne s\u00fcr\u00fclen &#8220;Sarinvomit&#8221; isimli rock grubu \u00fcyesi 5 \u015f\u00fcpheli, &#8220;halk\u0131 kin ve d\u00fc\u015fmanl\u0131\u011fa tahrik veya a\u015fa\u011f\u0131lama&#8221; su\u00e7undan tutukland\u0131.\u00a0<a href=\"https:\/\/www.cumhuriyet.com.tr\/siyaset\/sarinvomit-grubu-uyelerine-halki-kin-ve-dusmanliga-tahrik-ten-tutuklama-2435572\" target=\"_blank\" class=\"feedzy-rss-link-icon\">Read More<\/a><\/p>","protected":false},"excerpt":{"rendered":"<p>\u015eark\u0131 s\u00f6zleri ve yapt\u0131klar\u0131 sosyal medya payla\u015f\u0131mlar\u0131yla dini de\u011ferlere hakaret etti\u011fi \u00f6ne s\u00fcr\u00fclen &#8220;Sarinvomit&#8221; isimli rock grubu \u00fcyesi 5 \u015f\u00fcpheli, &#8220;halk\u0131 kin ve d\u00fc\u015fmanl\u0131\u011fa tahrik veya a\u015fa\u011f\u0131lama&#8221; su\u00e7undan tutukland\u0131.\u015eark\u0131 s\u00f6zleri ve yapt\u0131klar\u0131 sosyal medya payla\u015f\u0131mlar\u0131yla dini de\u011ferlere hakaret etti\u011fi \u00f6ne s\u00fcr\u00fclen &#8220;Sarinvomit&#8221; isimli rock grubu \u00fcyesi 5 \u015f\u00fcpheli, &#8220;halk\u0131 kin ve d\u00fc\u015fmanl\u0131\u011fa tahrik veya a\u015fa\u011f\u0131lama&#8221; [&hellip;]<\/p>\n","protected":false},"author":1,"featured_media":5396,"comment_status":"open","ping_status":"open","sticky":false,"template":"","format":"standard","meta":{"footnotes":"","_links_to":"","_links_to_target":""},"categories":[1],"tags":[],"class_list":["post-5395","post","type-post","status-publish","format-standard","has-post-thumbnail","hentry","category-haberler"],"_links":{"self":[{"href":"https:\/\/www.abchukuk.com\/index.php\/wp-json\/wp\/v2\/posts\/5395","targetHints":{"allow":["GET"]}}],"collection":[{"href":"https:\/\/www.abchukuk.com\/index.php\/wp-json\/wp\/v2\/posts"}],"about":[{"href":"https:\/\/www.abchukuk.com\/index.php\/wp-json\/wp\/v2\/types\/post"}],"author":[{"embeddable":true,"href":"https:\/\/www.abchukuk.com\/index.php\/wp-json\/wp\/v2\/users\/1"}],"replies":[{"embeddable":true,"href":"https:\/\/www.abchukuk.com\/index.php\/wp-json\/wp\/v2\/comments?post=5395"}],"version-history":[{"count":0,"href":"https:\/\/www.abchukuk.com\/index.php\/wp-json\/wp\/v2\/posts\/5395\/revisions"}],"wp:featuredmedia":[{"embeddable":true,"href":"https:\/\/www.abchukuk.com\/index.php\/wp-json\/wp\/v2\/media\/5396"}],"wp:attachment":[{"href":"https:\/\/www.abchukuk.com\/index.php\/wp-json\/wp\/v2\/media?parent=5395"}],"wp:term":[{"taxonomy":"category","embeddable":true,"href":"https:\/\/www.abchukuk.com\/index.php\/wp-json\/wp\/v2\/categories?post=5395"},{"taxonomy":"post_tag","embeddable":true,"href":"https:\/\/www.abchukuk.com\/index.php\/wp-json\/wp\/v2\/tags?post=5395"}],"curies":[{"name":"wp","href":"https:\/\/api.w.org\/{rel}","templated":true}]}}