{"id":5383,"date":"2025-09-16T08:51:00","date_gmt":"2025-09-16T08:51:00","guid":{"rendered":"https:\/\/www.abchukuk.com\/index.php\/2025\/09\/16\/cte-infaz-koruma-memuru-ikm-sonuclari-aciklandi-mi-adalet-bakanligi-3-bin-500-personel-alimi-sonuclari-ne-zaman\/"},"modified":"2025-09-16T08:51:00","modified_gmt":"2025-09-16T08:51:00","slug":"cte-infaz-koruma-memuru-ikm-sonuclari-aciklandi-mi-adalet-bakanligi-3-bin-500-personel-alimi-sonuclari-ne-zaman","status":"publish","type":"post","link":"https:\/\/www.abchukuk.com\/index.php\/2025\/09\/16\/cte-infaz-koruma-memuru-ikm-sonuclari-aciklandi-mi-adalet-bakanligi-3-bin-500-personel-alimi-sonuclari-ne-zaman\/","title":{"rendered":"CTE infaz koruma memuru (\u0130KM) sonu\u00e7lar\u0131 a\u00e7\u0131kland\u0131 m\u0131? Adalet Bakanl\u0131\u011f\u0131 3 bin 500 personel al\u0131m\u0131 sonu\u00e7lar\u0131 ne zaman?"},"content":{"rendered":"<p>Adalet Bakanl\u0131\u011f\u0131n\u0131n 3 bin 500 personel al\u0131m\u0131 sonu\u00e7lar\u0131na yo\u011fun bir ilgi s\u00f6z konusu&#8230; On binler ba\u015fvuru yapt\u0131 fakat sonu\u00e7 tarihi duyurusu hala yap\u0131lmad\u0131. Adaylar her g\u00fcn bir geli\u015fme olup olmad\u0131\u011f\u0131 ara\u015ft\u0131r\u0131l\u0131yor ve &#8220;Adalet Bakanl\u0131\u011f\u0131 3 bin 500 personel al\u0131m\u0131 sonu\u00e7lar\u0131 ne zaman a\u00e7\u0131klanacak&#8221; sorusu y\u00f6neltiliyor.Adalet Bakanl\u0131\u011f\u0131n\u0131n 3 bin 500 personel al\u0131m\u0131 sonu\u00e7lar\u0131na yo\u011fun bir ilgi s\u00f6z konusu&#8230; On binler ba\u015fvuru yapt\u0131 fakat sonu\u00e7 tarihi duyurusu hala yap\u0131lmad\u0131. Adaylar her g\u00fcn bir geli\u015fme olup olmad\u0131\u011f\u0131 ara\u015ft\u0131r\u0131l\u0131yor ve &#8220;Adalet Bakanl\u0131\u011f\u0131 3 bin 500 personel al\u0131m\u0131 sonu\u00e7lar\u0131 ne zaman a\u00e7\u0131klanacak&#8221; sorusu y\u00f6neltiliyor.\u00a0<a href=\"https:\/\/www.dunya.com\/foto-galeri\/gundem\/cte-infaz-koruma-memuru-ikm-sonuclari-aciklandi-mi-adalet-bakanligi-3-bin-500-personel-alimi-sonuclari-ne-zaman-galeri-794283\" target=\"_blank\" class=\"feedzy-rss-link-icon\">Read More<\/a><\/p>","protected":false},"excerpt":{"rendered":"<p>Adalet Bakanl\u0131\u011f\u0131n\u0131n 3 bin 500 personel al\u0131m\u0131 sonu\u00e7lar\u0131na yo\u011fun bir ilgi s\u00f6z konusu&#8230; On binler ba\u015fvuru yapt\u0131 fakat sonu\u00e7 tarihi duyurusu hala yap\u0131lmad\u0131. Adaylar her g\u00fcn bir geli\u015fme olup olmad\u0131\u011f\u0131 ara\u015ft\u0131r\u0131l\u0131yor ve &#8220;Adalet Bakanl\u0131\u011f\u0131 3 bin 500 personel al\u0131m\u0131 sonu\u00e7lar\u0131 ne zaman a\u00e7\u0131klanacak&#8221; sorusu y\u00f6neltiliyor.Adalet Bakanl\u0131\u011f\u0131n\u0131n 3 bin 500 personel al\u0131m\u0131 sonu\u00e7lar\u0131na yo\u011fun bir ilgi [&hellip;]<\/p>\n","protected":false},"author":1,"featured_media":5384,"comment_status":"open","ping_status":"open","sticky":false,"template":"","format":"standard","meta":{"footnotes":"","_links_to":"","_links_to_target":""},"categories":[1],"tags":[],"class_list":["post-5383","post","type-post","status-publish","format-standard","has-post-thumbnail","hentry","category-haberler"],"_links":{"self":[{"href":"https:\/\/www.abchukuk.com\/index.php\/wp-json\/wp\/v2\/posts\/5383","targetHints":{"allow":["GET"]}}],"collection":[{"href":"https:\/\/www.abchukuk.com\/index.php\/wp-json\/wp\/v2\/posts"}],"about":[{"href":"https:\/\/www.abchukuk.com\/index.php\/wp-json\/wp\/v2\/types\/post"}],"author":[{"embeddable":true,"href":"https:\/\/www.abchukuk.com\/index.php\/wp-json\/wp\/v2\/users\/1"}],"replies":[{"embeddable":true,"href":"https:\/\/www.abchukuk.com\/index.php\/wp-json\/wp\/v2\/comments?post=5383"}],"version-history":[{"count":0,"href":"https:\/\/www.abchukuk.com\/index.php\/wp-json\/wp\/v2\/posts\/5383\/revisions"}],"wp:featuredmedia":[{"embeddable":true,"href":"https:\/\/www.abchukuk.com\/index.php\/wp-json\/wp\/v2\/media\/5384"}],"wp:attachment":[{"href":"https:\/\/www.abchukuk.com\/index.php\/wp-json\/wp\/v2\/media?parent=5383"}],"wp:term":[{"taxonomy":"category","embeddable":true,"href":"https:\/\/www.abchukuk.com\/index.php\/wp-json\/wp\/v2\/categories?post=5383"},{"taxonomy":"post_tag","embeddable":true,"href":"https:\/\/www.abchukuk.com\/index.php\/wp-json\/wp\/v2\/tags?post=5383"}],"curies":[{"name":"wp","href":"https:\/\/api.w.org\/{rel}","templated":true}]}}