{"id":5379,"date":"2025-09-16T07:30:00","date_gmt":"2025-09-16T07:30:00","guid":{"rendered":"https:\/\/www.abchukuk.com\/index.php\/2025\/09\/16\/adli-kontrolle-serbest-birakilmisti-can-holding-yonetim-kurulu-baskani-kenan-tekdagdan-ilk-aciklama\/"},"modified":"2025-09-16T07:30:00","modified_gmt":"2025-09-16T07:30:00","slug":"adli-kontrolle-serbest-birakilmisti-can-holding-yonetim-kurulu-baskani-kenan-tekdagdan-ilk-aciklama","status":"publish","type":"post","link":"https:\/\/www.abchukuk.com\/index.php\/2025\/09\/16\/adli-kontrolle-serbest-birakilmisti-can-holding-yonetim-kurulu-baskani-kenan-tekdagdan-ilk-aciklama\/","title":{"rendered":"Adli kontrolle serbest b\u0131rak\u0131lm\u0131\u015ft\u0131: Can Holding Y\u00f6netim Kurulu Ba\u015fkan\u0131 Kenan Tekda\u011f&#8217;dan ilk a\u00e7\u0131klama"},"content":{"rendered":"<p>&#8220;Su\u00e7 \u00f6rg\u00fct\u00fc kurmak&#8221;, &#8220;vergi ka\u00e7ak\u00e7\u0131l\u0131\u011f\u0131&#8221;, &#8220;doland\u0131r\u0131c\u0131l\u0131k&#8221; ve &#8220;kara para aklama&#8221; su\u00e7lamas\u0131yla d\u00fczenlenen operasyonda g\u00f6zalt\u0131na al\u0131nan ve mahkemece adli kontrol \u015fart\u0131yla serbest b\u0131rak\u0131lan Can Yay\u0131n Holding Y\u00f6netim Kurulu Ba\u015fkan\u0131 Kenan Tekda\u011f, &#8220;Biz hayat\u0131m\u0131z\u0131 \u015feref, haysiyet ve adalet \u00fczerine in\u015fa ettik. Bu de\u011ferlere ayk\u0131r\u0131 d\u00fc\u015fecek hi\u00e7bir \u015feyin kenar\u0131ndan ge\u00e7medik&#8221; dedi.&#8221;Su\u00e7 \u00f6rg\u00fct\u00fc kurmak&#8221;, &#8220;vergi ka\u00e7ak\u00e7\u0131l\u0131\u011f\u0131&#8221;, &#8220;doland\u0131r\u0131c\u0131l\u0131k&#8221; ve &#8220;kara para aklama&#8221; su\u00e7lamas\u0131yla d\u00fczenlenen operasyonda g\u00f6zalt\u0131na al\u0131nan ve mahkemece adli kontrol \u015fart\u0131yla serbest b\u0131rak\u0131lan Can Yay\u0131n Holding Y\u00f6netim Kurulu Ba\u015fkan\u0131 Kenan Tekda\u011f, &#8220;Biz hayat\u0131m\u0131z\u0131 \u015feref, haysiyet ve adalet \u00fczerine in\u015fa ettik. Bu de\u011ferlere ayk\u0131r\u0131 d\u00fc\u015fecek hi\u00e7bir \u015feyin kenar\u0131ndan ge\u00e7medik&#8221; dedi.\u00a0<a href=\"https:\/\/www.cumhuriyet.com.tr\/siyaset\/adli-kontrolle-serbest-birakilmisti-can-holding-yonetim-kurulu-baskani-kenan-tekdag-dan-ilk-aciklama-2435486\" target=\"_blank\" class=\"feedzy-rss-link-icon\">Read More<\/a><\/p>","protected":false},"excerpt":{"rendered":"<p>&#8220;Su\u00e7 \u00f6rg\u00fct\u00fc kurmak&#8221;, &#8220;vergi ka\u00e7ak\u00e7\u0131l\u0131\u011f\u0131&#8221;, &#8220;doland\u0131r\u0131c\u0131l\u0131k&#8221; ve &#8220;kara para aklama&#8221; su\u00e7lamas\u0131yla d\u00fczenlenen operasyonda g\u00f6zalt\u0131na al\u0131nan ve mahkemece adli kontrol \u015fart\u0131yla serbest b\u0131rak\u0131lan Can Yay\u0131n Holding Y\u00f6netim Kurulu Ba\u015fkan\u0131 Kenan Tekda\u011f, &#8220;Biz hayat\u0131m\u0131z\u0131 \u015feref, haysiyet ve adalet \u00fczerine in\u015fa ettik. Bu de\u011ferlere ayk\u0131r\u0131 d\u00fc\u015fecek hi\u00e7bir \u015feyin kenar\u0131ndan ge\u00e7medik&#8221; dedi.&#8221;Su\u00e7 \u00f6rg\u00fct\u00fc kurmak&#8221;, &#8220;vergi ka\u00e7ak\u00e7\u0131l\u0131\u011f\u0131&#8221;, &#8220;doland\u0131r\u0131c\u0131l\u0131k&#8221; ve &#8220;kara [&hellip;]<\/p>\n","protected":false},"author":1,"featured_media":5380,"comment_status":"open","ping_status":"open","sticky":false,"template":"","format":"standard","meta":{"footnotes":"","_links_to":"","_links_to_target":""},"categories":[1],"tags":[],"class_list":["post-5379","post","type-post","status-publish","format-standard","has-post-thumbnail","hentry","category-haberler"],"_links":{"self":[{"href":"https:\/\/www.abchukuk.com\/index.php\/wp-json\/wp\/v2\/posts\/5379","targetHints":{"allow":["GET"]}}],"collection":[{"href":"https:\/\/www.abchukuk.com\/index.php\/wp-json\/wp\/v2\/posts"}],"about":[{"href":"https:\/\/www.abchukuk.com\/index.php\/wp-json\/wp\/v2\/types\/post"}],"author":[{"embeddable":true,"href":"https:\/\/www.abchukuk.com\/index.php\/wp-json\/wp\/v2\/users\/1"}],"replies":[{"embeddable":true,"href":"https:\/\/www.abchukuk.com\/index.php\/wp-json\/wp\/v2\/comments?post=5379"}],"version-history":[{"count":0,"href":"https:\/\/www.abchukuk.com\/index.php\/wp-json\/wp\/v2\/posts\/5379\/revisions"}],"wp:featuredmedia":[{"embeddable":true,"href":"https:\/\/www.abchukuk.com\/index.php\/wp-json\/wp\/v2\/media\/5380"}],"wp:attachment":[{"href":"https:\/\/www.abchukuk.com\/index.php\/wp-json\/wp\/v2\/media?parent=5379"}],"wp:term":[{"taxonomy":"category","embeddable":true,"href":"https:\/\/www.abchukuk.com\/index.php\/wp-json\/wp\/v2\/categories?post=5379"},{"taxonomy":"post_tag","embeddable":true,"href":"https:\/\/www.abchukuk.com\/index.php\/wp-json\/wp\/v2\/tags?post=5379"}],"curies":[{"name":"wp","href":"https:\/\/api.w.org\/{rel}","templated":true}]}}