{"id":5365,"date":"2025-09-16T06:14:00","date_gmt":"2025-09-16T06:14:00","guid":{"rendered":"https:\/\/www.abchukuk.com\/index.php\/2025\/09\/16\/resmi-gazetede-yayimlandi-27-mulki-idare-amiri-hakkinda-yeni-karar\/"},"modified":"2025-09-16T06:14:00","modified_gmt":"2025-09-16T06:14:00","slug":"resmi-gazetede-yayimlandi-27-mulki-idare-amiri-hakkinda-yeni-karar","status":"publish","type":"post","link":"https:\/\/www.abchukuk.com\/index.php\/2025\/09\/16\/resmi-gazetede-yayimlandi-27-mulki-idare-amiri-hakkinda-yeni-karar\/","title":{"rendered":"Resmi Gazete&#8217;de yay\u0131mland\u0131: 27 m\u00fclki idare amiri hakk\u0131nda yeni karar"},"content":{"rendered":"<p>Resmi Gazete&#8217;de yay\u0131mlanan \u0130\u00e7i\u015fleri Bakanl\u0131\u011f\u0131&#8217;n\u0131n karar\u0131na g\u00f6re, \u00fclke genelinde 27 m\u00fclki idare amiri birinci s\u0131n\u0131f m\u00fclki idare amirli\u011fine y\u00fckseltildi.Resmi Gazete&#8217;de yay\u0131mlanan \u0130\u00e7i\u015fleri Bakanl\u0131\u011f\u0131&#8217;n\u0131n karar\u0131na g\u00f6re, \u00fclke genelinde 27 m\u00fclki idare amiri birinci s\u0131n\u0131f m\u00fclki idare amirli\u011fine y\u00fckseltildi.\u00a0<a href=\"https:\/\/www.cumhuriyet.com.tr\/turkiye\/resmi-gazete-de-yayimlandi-27-mulki-idare-amiri-hakkinda-yeni-karar-2435440\" target=\"_blank\" class=\"feedzy-rss-link-icon\">Read More<\/a><\/p>","protected":false},"excerpt":{"rendered":"<p>Resmi Gazete&#8217;de yay\u0131mlanan \u0130\u00e7i\u015fleri Bakanl\u0131\u011f\u0131&#8217;n\u0131n karar\u0131na g\u00f6re, \u00fclke genelinde 27 m\u00fclki idare amiri birinci s\u0131n\u0131f m\u00fclki idare amirli\u011fine y\u00fckseltildi.Resmi Gazete&#8217;de yay\u0131mlanan \u0130\u00e7i\u015fleri Bakanl\u0131\u011f\u0131&#8217;n\u0131n karar\u0131na g\u00f6re, \u00fclke genelinde 27 m\u00fclki idare amiri birinci s\u0131n\u0131f m\u00fclki idare amirli\u011fine y\u00fckseltildi.\u00a0Read More<\/p>\n","protected":false},"author":1,"featured_media":5366,"comment_status":"open","ping_status":"open","sticky":false,"template":"","format":"standard","meta":{"footnotes":"","_links_to":"","_links_to_target":""},"categories":[1],"tags":[],"class_list":["post-5365","post","type-post","status-publish","format-standard","has-post-thumbnail","hentry","category-haberler"],"_links":{"self":[{"href":"https:\/\/www.abchukuk.com\/index.php\/wp-json\/wp\/v2\/posts\/5365","targetHints":{"allow":["GET"]}}],"collection":[{"href":"https:\/\/www.abchukuk.com\/index.php\/wp-json\/wp\/v2\/posts"}],"about":[{"href":"https:\/\/www.abchukuk.com\/index.php\/wp-json\/wp\/v2\/types\/post"}],"author":[{"embeddable":true,"href":"https:\/\/www.abchukuk.com\/index.php\/wp-json\/wp\/v2\/users\/1"}],"replies":[{"embeddable":true,"href":"https:\/\/www.abchukuk.com\/index.php\/wp-json\/wp\/v2\/comments?post=5365"}],"version-history":[{"count":0,"href":"https:\/\/www.abchukuk.com\/index.php\/wp-json\/wp\/v2\/posts\/5365\/revisions"}],"wp:featuredmedia":[{"embeddable":true,"href":"https:\/\/www.abchukuk.com\/index.php\/wp-json\/wp\/v2\/media\/5366"}],"wp:attachment":[{"href":"https:\/\/www.abchukuk.com\/index.php\/wp-json\/wp\/v2\/media?parent=5365"}],"wp:term":[{"taxonomy":"category","embeddable":true,"href":"https:\/\/www.abchukuk.com\/index.php\/wp-json\/wp\/v2\/categories?post=5365"},{"taxonomy":"post_tag","embeddable":true,"href":"https:\/\/www.abchukuk.com\/index.php\/wp-json\/wp\/v2\/tags?post=5365"}],"curies":[{"name":"wp","href":"https:\/\/api.w.org\/{rel}","templated":true}]}}