{"id":5352,"date":"2025-09-16T01:00:00","date_gmt":"2025-09-16T01:00:00","guid":{"rendered":"https:\/\/www.abchukuk.com\/index.php\/2025\/09\/16\/hukukcular-kurultay-davasinin-ertelenmesini-cumhuriyete-degerlendirdi-davanin-hala-surmesi-garabet\/"},"modified":"2025-09-16T01:00:00","modified_gmt":"2025-09-16T01:00:00","slug":"hukukcular-kurultay-davasinin-ertelenmesini-cumhuriyete-degerlendirdi-davanin-hala-surmesi-garabet","status":"publish","type":"post","link":"https:\/\/www.abchukuk.com\/index.php\/2025\/09\/16\/hukukcular-kurultay-davasinin-ertelenmesini-cumhuriyete-degerlendirdi-davanin-hala-surmesi-garabet\/","title":{"rendered":"Hukuk\u00e7ular, kurultay davas\u0131n\u0131n ertelenmesini Cumhuriyet\u2019e de\u011ferlendirdi: \u2018Davan\u0131n h\u00e2l\u00e2 s\u00fcrmesi garabet\u2019"},"content":{"rendered":"<p>CHP\u2019nin 38. ola\u011fan ve 21. ola\u011fan\u00fcst\u00fc kurultaylar\u0131n\u0131n iptaline y\u00f6nelik a\u00e7\u0131lan davada erteleme karar\u0131n\u0131n \u00e7\u0131kmas\u0131n\u0131 de\u011ferlendiren Yarg\u0131tay Onursal Daire Ba\u015fkan\u0131 Hamdi Yaver Aktan, mahkemenin ara karar\u0131n\u0131n yerinde oldu\u011funu belirterek; \u201cDavan\u0131n alt\u0131 bo\u015f, CHP\u2019nin olumsuz anlamda g\u00fcndemde tutmak amac\u0131yla hareket edildi\u011fi d\u00fc\u015f\u00fcn\u00fclmelidir\u201d dedi. Ankara Barosu Ba\u015fkan\u0131 Av. Mustafa K\u00f6ro\u011flu ise \u201cCeza davas\u0131n\u0131 bekletici mesele yapmas\u0131 gerek\u00e7esiyle ertelenmesini bekliyordum. Burada s\u00f6ylenmesi gereken, bu davan\u0131n h\u00e2l\u00e2 s\u00fcr\u00fcyor olmas\u0131ndaki garabet\u201d ifadelerini kulland\u0131.CHP\u2019nin 38. ola\u011fan ve 21. ola\u011fan\u00fcst\u00fc kurultaylar\u0131n\u0131n iptaline y\u00f6nelik a\u00e7\u0131lan davada erteleme karar\u0131n\u0131n \u00e7\u0131kmas\u0131n\u0131 de\u011ferlendiren Yarg\u0131tay Onursal Daire Ba\u015fkan\u0131 Hamdi Yaver Aktan, mahkemenin ara karar\u0131n\u0131n yerinde oldu\u011funu belirterek; \u201cDavan\u0131n alt\u0131 bo\u015f, CHP\u2019nin olumsuz anlamda g\u00fcndemde tutmak amac\u0131yla hareket edildi\u011fi d\u00fc\u015f\u00fcn\u00fclmelidir\u201d dedi. Ankara Barosu Ba\u015fkan\u0131 Av. Mustafa K\u00f6ro\u011flu ise \u201cCeza davas\u0131n\u0131 bekletici mesele yapmas\u0131 gerek\u00e7esiyle ertelenmesini bekliyordum. Burada s\u00f6ylenmesi gereken, bu davan\u0131n h\u00e2l\u00e2 s\u00fcr\u00fcyor olmas\u0131ndaki garabet\u201d ifadelerini kulland\u0131.\u00a0<a href=\"https:\/\/www.cumhuriyet.com.tr\/siyaset\/hukukcular-kurultay-davasinin-ertelenmesini-cumhuriyet-e-degerlendirdi-davanin-hala-surmesi-garabet-2435418\" target=\"_blank\" class=\"feedzy-rss-link-icon\">Read More<\/a><\/p>","protected":false},"excerpt":{"rendered":"<p>CHP\u2019nin 38. ola\u011fan ve 21. ola\u011fan\u00fcst\u00fc kurultaylar\u0131n\u0131n iptaline y\u00f6nelik a\u00e7\u0131lan davada erteleme karar\u0131n\u0131n \u00e7\u0131kmas\u0131n\u0131 de\u011ferlendiren Yarg\u0131tay Onursal Daire Ba\u015fkan\u0131 Hamdi Yaver Aktan, mahkemenin ara karar\u0131n\u0131n yerinde oldu\u011funu belirterek; \u201cDavan\u0131n alt\u0131 bo\u015f, CHP\u2019nin olumsuz anlamda g\u00fcndemde tutmak amac\u0131yla hareket edildi\u011fi d\u00fc\u015f\u00fcn\u00fclmelidir\u201d dedi. Ankara Barosu Ba\u015fkan\u0131 Av. Mustafa K\u00f6ro\u011flu ise \u201cCeza davas\u0131n\u0131 bekletici mesele yapmas\u0131 gerek\u00e7esiyle ertelenmesini [&hellip;]<\/p>\n","protected":false},"author":1,"featured_media":5353,"comment_status":"open","ping_status":"open","sticky":false,"template":"","format":"standard","meta":{"footnotes":"","_links_to":"","_links_to_target":""},"categories":[1],"tags":[],"class_list":["post-5352","post","type-post","status-publish","format-standard","has-post-thumbnail","hentry","category-haberler"],"_links":{"self":[{"href":"https:\/\/www.abchukuk.com\/index.php\/wp-json\/wp\/v2\/posts\/5352","targetHints":{"allow":["GET"]}}],"collection":[{"href":"https:\/\/www.abchukuk.com\/index.php\/wp-json\/wp\/v2\/posts"}],"about":[{"href":"https:\/\/www.abchukuk.com\/index.php\/wp-json\/wp\/v2\/types\/post"}],"author":[{"embeddable":true,"href":"https:\/\/www.abchukuk.com\/index.php\/wp-json\/wp\/v2\/users\/1"}],"replies":[{"embeddable":true,"href":"https:\/\/www.abchukuk.com\/index.php\/wp-json\/wp\/v2\/comments?post=5352"}],"version-history":[{"count":0,"href":"https:\/\/www.abchukuk.com\/index.php\/wp-json\/wp\/v2\/posts\/5352\/revisions"}],"wp:featuredmedia":[{"embeddable":true,"href":"https:\/\/www.abchukuk.com\/index.php\/wp-json\/wp\/v2\/media\/5353"}],"wp:attachment":[{"href":"https:\/\/www.abchukuk.com\/index.php\/wp-json\/wp\/v2\/media?parent=5352"}],"wp:term":[{"taxonomy":"category","embeddable":true,"href":"https:\/\/www.abchukuk.com\/index.php\/wp-json\/wp\/v2\/categories?post=5352"},{"taxonomy":"post_tag","embeddable":true,"href":"https:\/\/www.abchukuk.com\/index.php\/wp-json\/wp\/v2\/tags?post=5352"}],"curies":[{"name":"wp","href":"https:\/\/api.w.org\/{rel}","templated":true}]}}