{"id":5348,"date":"2025-09-16T01:00:00","date_gmt":"2025-09-16T01:00:00","guid":{"rendered":"https:\/\/www.abchukuk.com\/index.php\/2025\/09\/16\/chpnin-kurultay-davasinda-mahkeme-erteleme-karari-verdi-davaci-tarafi-imamoglu-ve-ozel-hakkinda-kriminal-faaliyet-suclamasinda-bulundu\/"},"modified":"2025-09-16T01:00:00","modified_gmt":"2025-09-16T01:00:00","slug":"chpnin-kurultay-davasinda-mahkeme-erteleme-karari-verdi-davaci-tarafi-imamoglu-ve-ozel-hakkinda-kriminal-faaliyet-suclamasinda-bulundu","status":"publish","type":"post","link":"https:\/\/www.abchukuk.com\/index.php\/2025\/09\/16\/chpnin-kurultay-davasinda-mahkeme-erteleme-karari-verdi-davaci-tarafi-imamoglu-ve-ozel-hakkinda-kriminal-faaliyet-suclamasinda-bulundu\/","title":{"rendered":"CHP\u2019nin kurultay davas\u0131nda mahkeme erteleme karar\u0131 verdi: Davac\u0131 taraf\u0131 \u0130mamo\u011flu ve \u00d6zel hakk\u0131nda \u2018kriminal faaliyet\u2019 su\u00e7lamas\u0131nda bulundu"},"content":{"rendered":"<p>Ankara 42. Asliye Hukuk Mahkemesi\u2019nde g\u00f6r\u00fclen CHP Genel Ba\u015fkan\u0131 \u00d6zg\u00fcr \u00d6zel\u2019in se\u00e7ildi\u011fi 38. ola\u011fan ve 21. ola\u011fan\u00fcst\u00fc kurultaylar\u0131 iptal davas\u0131nda erteleme karar\u0131 \u00e7\u0131kt\u0131. T\u00fcm davac\u0131lar vekili Av. Onur Yusuf \u00dcregen; tutuklu CHP Cumhurba\u015fkan\u0131 Aday\u0131 Ekrem \u0130mamo\u011flu dahil 12 san\u0131\u011f\u0131n yarg\u0131land\u0131\u011f\u0131 \u201ci\u015ftirak halinde hareket ederek, baz\u0131 delegelere menfaat kar\u015f\u0131l\u0131\u011f\u0131nda oy kulland\u0131rd\u0131klar\u0131\u201d davaya ili\u015fkin iddianamede ge\u00e7meyen \u201corganize su\u00e7 faaliyeti\u201d ve \u201ckriminal faaliyet\u201d ifadelerini kulland\u0131. \u00dcregen\u2019in bu tutumuna ili\u015fkin CHP vekili Av. \u00c7a\u011flar \u00c7a\u011flayan; \u201cDavac\u0131 as\u0131llar\u0131n hukuk ile elde edemedi\u011fi sonucu, hayal \u00fcr\u00fcn\u00fc ile elde etmeye \u00e7al\u0131\u015ft\u0131klar\u0131 ortadad\u0131r\u201d dedi. Dava 24 Ekim\u2019e ertelendi.Ankara 42. Asliye Hukuk Mahkemesi\u2019nde g\u00f6r\u00fclen CHP Genel Ba\u015fkan\u0131 \u00d6zg\u00fcr \u00d6zel\u2019in se\u00e7ildi\u011fi 38. ola\u011fan ve 21. ola\u011fan\u00fcst\u00fc kurultaylar\u0131 iptal davas\u0131nda erteleme karar\u0131 \u00e7\u0131kt\u0131. T\u00fcm davac\u0131lar vekili Av. Onur Yusuf \u00dcregen; tutuklu CHP Cumhurba\u015fkan\u0131 Aday\u0131 Ekrem \u0130mamo\u011flu dahil 12 san\u0131\u011f\u0131n yarg\u0131land\u0131\u011f\u0131 \u201ci\u015ftirak halinde hareket ederek, baz\u0131 delegelere menfaat kar\u015f\u0131l\u0131\u011f\u0131nda oy kulland\u0131rd\u0131klar\u0131\u201d davaya ili\u015fkin iddianamede ge\u00e7meyen \u201corganize su\u00e7 faaliyeti\u201d ve \u201ckriminal faaliyet\u201d ifadelerini kulland\u0131. \u00dcregen\u2019in bu tutumuna ili\u015fkin CHP vekili Av. \u00c7a\u011flar \u00c7a\u011flayan; \u201cDavac\u0131 as\u0131llar\u0131n hukuk ile elde edemedi\u011fi sonucu, hayal \u00fcr\u00fcn\u00fc ile elde etmeye \u00e7al\u0131\u015ft\u0131klar\u0131 ortadad\u0131r\u201d dedi. Dava 24 Ekim\u2019e ertelendi.\u00a0<a href=\"https:\/\/www.cumhuriyet.com.tr\/siyaset\/chp-nin-kurultay-davasinda-mahkeme-erteleme-karari-verdi-davaci-tarafi-imamoglu-ve-ozel-hakkinda-kriminal-faaliyet-suclamasinda-bulundu-2435421\" target=\"_blank\" class=\"feedzy-rss-link-icon\">Read More<\/a><\/p>","protected":false},"excerpt":{"rendered":"<p>Ankara 42. Asliye Hukuk Mahkemesi\u2019nde g\u00f6r\u00fclen CHP Genel Ba\u015fkan\u0131 \u00d6zg\u00fcr \u00d6zel\u2019in se\u00e7ildi\u011fi 38. ola\u011fan ve 21. ola\u011fan\u00fcst\u00fc kurultaylar\u0131 iptal davas\u0131nda erteleme karar\u0131 \u00e7\u0131kt\u0131. T\u00fcm davac\u0131lar vekili Av. Onur Yusuf \u00dcregen; tutuklu CHP Cumhurba\u015fkan\u0131 Aday\u0131 Ekrem \u0130mamo\u011flu dahil 12 san\u0131\u011f\u0131n yarg\u0131land\u0131\u011f\u0131 \u201ci\u015ftirak halinde hareket ederek, baz\u0131 delegelere menfaat kar\u015f\u0131l\u0131\u011f\u0131nda oy kulland\u0131rd\u0131klar\u0131\u201d davaya ili\u015fkin iddianamede ge\u00e7meyen \u201corganize [&hellip;]<\/p>\n","protected":false},"author":1,"featured_media":5349,"comment_status":"open","ping_status":"open","sticky":false,"template":"","format":"standard","meta":{"footnotes":"","_links_to":"","_links_to_target":""},"categories":[1],"tags":[],"class_list":["post-5348","post","type-post","status-publish","format-standard","has-post-thumbnail","hentry","category-haberler"],"_links":{"self":[{"href":"https:\/\/www.abchukuk.com\/index.php\/wp-json\/wp\/v2\/posts\/5348","targetHints":{"allow":["GET"]}}],"collection":[{"href":"https:\/\/www.abchukuk.com\/index.php\/wp-json\/wp\/v2\/posts"}],"about":[{"href":"https:\/\/www.abchukuk.com\/index.php\/wp-json\/wp\/v2\/types\/post"}],"author":[{"embeddable":true,"href":"https:\/\/www.abchukuk.com\/index.php\/wp-json\/wp\/v2\/users\/1"}],"replies":[{"embeddable":true,"href":"https:\/\/www.abchukuk.com\/index.php\/wp-json\/wp\/v2\/comments?post=5348"}],"version-history":[{"count":0,"href":"https:\/\/www.abchukuk.com\/index.php\/wp-json\/wp\/v2\/posts\/5348\/revisions"}],"wp:featuredmedia":[{"embeddable":true,"href":"https:\/\/www.abchukuk.com\/index.php\/wp-json\/wp\/v2\/media\/5349"}],"wp:attachment":[{"href":"https:\/\/www.abchukuk.com\/index.php\/wp-json\/wp\/v2\/media?parent=5348"}],"wp:term":[{"taxonomy":"category","embeddable":true,"href":"https:\/\/www.abchukuk.com\/index.php\/wp-json\/wp\/v2\/categories?post=5348"},{"taxonomy":"post_tag","embeddable":true,"href":"https:\/\/www.abchukuk.com\/index.php\/wp-json\/wp\/v2\/tags?post=5348"}],"curies":[{"name":"wp","href":"https:\/\/api.w.org\/{rel}","templated":true}]}}