{"id":5340,"date":"2025-09-15T23:45:57","date_gmt":"2025-09-15T23:45:57","guid":{"rendered":"https:\/\/www.abchukuk.com\/index.php\/2025\/09\/15\/sahte-polis-kimligiyle-yakalanan-belediye-calisani-jandarma-tarafindan-gozaltina-alindi\/"},"modified":"2025-09-15T23:45:57","modified_gmt":"2025-09-15T23:45:57","slug":"sahte-polis-kimligiyle-yakalanan-belediye-calisani-jandarma-tarafindan-gozaltina-alindi","status":"publish","type":"post","link":"https:\/\/www.abchukuk.com\/index.php\/2025\/09\/15\/sahte-polis-kimligiyle-yakalanan-belediye-calisani-jandarma-tarafindan-gozaltina-alindi\/","title":{"rendered":"Sahte polis kimli\u011fiyle yakalanan belediye \u00e7al\u0131\u015fan\u0131 jandarma taraf\u0131ndan g\u00f6zalt\u0131na al\u0131nd\u0131"},"content":{"rendered":"<p>\u0130zmir&#8217;in Tire il\u00e7esinde sahte polis kimli\u011fiyle yakalanan bir belediye \u00e7al\u0131\u015fan\u0131 jandarma ekiplerince g\u00f6zalt\u0131na al\u0131nd\u0131.  Ayn\u0131 zamanda \u015f\u00fcpheli hakk\u0131nda &#8216;resmi belgede sahtecilik&#8217; su\u00e7undan adli i\u015flem ba\u015flat\u0131ld\u0131.\u0130zmir&#8217;in Tire il\u00e7esinde sahte polis kimli\u011fiyle yakalanan bir belediye \u00e7al\u0131\u015fan\u0131 jandarma ekiplerince g\u00f6zalt\u0131na al\u0131nd\u0131.  Ayn\u0131 zamanda \u015f\u00fcpheli hakk\u0131nda &#8216;resmi belgede sahtecilik&#8217; su\u00e7undan adli i\u015flem ba\u015flat\u0131ld\u0131.\u00a0<a href=\"https:\/\/anlatilaninotesi.com.tr\/20250916\/sahte-polis-kimligiyle-yakalanan-belediye-calisani-jandarma-tarafindan-gozaltina-alindi-1099388987.html\" target=\"_blank\" class=\"feedzy-rss-link-icon\">Read More<\/a><\/p>","protected":false},"excerpt":{"rendered":"<p>\u0130zmir&#8217;in Tire il\u00e7esinde sahte polis kimli\u011fiyle yakalanan bir belediye \u00e7al\u0131\u015fan\u0131 jandarma ekiplerince g\u00f6zalt\u0131na al\u0131nd\u0131. Ayn\u0131 zamanda \u015f\u00fcpheli hakk\u0131nda &#8216;resmi belgede sahtecilik&#8217; su\u00e7undan adli i\u015flem ba\u015flat\u0131ld\u0131.\u0130zmir&#8217;in Tire il\u00e7esinde sahte polis kimli\u011fiyle yakalanan bir belediye \u00e7al\u0131\u015fan\u0131 jandarma ekiplerince g\u00f6zalt\u0131na al\u0131nd\u0131. Ayn\u0131 zamanda \u015f\u00fcpheli hakk\u0131nda &#8216;resmi belgede sahtecilik&#8217; su\u00e7undan adli i\u015flem ba\u015flat\u0131ld\u0131.\u00a0Read More<\/p>\n","protected":false},"author":1,"featured_media":0,"comment_status":"open","ping_status":"open","sticky":false,"template":"","format":"standard","meta":{"footnotes":"","_links_to":"","_links_to_target":""},"categories":[1],"tags":[],"class_list":["post-5340","post","type-post","status-publish","format-standard","hentry","category-haberler"],"_links":{"self":[{"href":"https:\/\/www.abchukuk.com\/index.php\/wp-json\/wp\/v2\/posts\/5340","targetHints":{"allow":["GET"]}}],"collection":[{"href":"https:\/\/www.abchukuk.com\/index.php\/wp-json\/wp\/v2\/posts"}],"about":[{"href":"https:\/\/www.abchukuk.com\/index.php\/wp-json\/wp\/v2\/types\/post"}],"author":[{"embeddable":true,"href":"https:\/\/www.abchukuk.com\/index.php\/wp-json\/wp\/v2\/users\/1"}],"replies":[{"embeddable":true,"href":"https:\/\/www.abchukuk.com\/index.php\/wp-json\/wp\/v2\/comments?post=5340"}],"version-history":[{"count":0,"href":"https:\/\/www.abchukuk.com\/index.php\/wp-json\/wp\/v2\/posts\/5340\/revisions"}],"wp:attachment":[{"href":"https:\/\/www.abchukuk.com\/index.php\/wp-json\/wp\/v2\/media?parent=5340"}],"wp:term":[{"taxonomy":"category","embeddable":true,"href":"https:\/\/www.abchukuk.com\/index.php\/wp-json\/wp\/v2\/categories?post=5340"},{"taxonomy":"post_tag","embeddable":true,"href":"https:\/\/www.abchukuk.com\/index.php\/wp-json\/wp\/v2\/tags?post=5340"}],"curies":[{"name":"wp","href":"https:\/\/api.w.org\/{rel}","templated":true}]}}