{"id":5336,"date":"2025-09-15T12:49:03","date_gmt":"2025-09-15T12:49:03","guid":{"rendered":"https:\/\/www.abchukuk.com\/index.php\/2025\/09\/15\/kilicdaroglunun-avukatindan-aciklama\/"},"modified":"2025-09-15T12:49:03","modified_gmt":"2025-09-15T12:49:03","slug":"kilicdaroglunun-avukatindan-aciklama","status":"publish","type":"post","link":"https:\/\/www.abchukuk.com\/index.php\/2025\/09\/15\/kilicdaroglunun-avukatindan-aciklama\/","title":{"rendered":"K\u0131l\u0131\u00e7daro\u011flu&#8217;nun avukat\u0131ndan a\u00e7\u0131klama"},"content":{"rendered":"<p>CHP Eski Genel Ba\u015fkan\u0131 Kemal K\u0131l\u0131\u00e7daro\u011flu&#8217;nun avukat\u0131 Celal \u00c7elik, CHP kurultay davas\u0131n\u0131n ertelenmesinin ard\u0131ndan bas\u0131n mensuplar\u0131na yapt\u0131\u011f\u0131 a\u00e7\u0131klamada, &#8220;Zarar vermemek i\u00e7in sessiz kald\u0131. S\u00fcrece ili\u015fkin bir beklentimiz yok&#8221; dedi. \u0130\u015fte o a\u00e7\u0131klama&#8230;CHP Eski Genel Ba\u015fkan\u0131 Kemal K\u0131l\u0131\u00e7daro\u011flu&#8217;nun avukat\u0131 Celal \u00c7elik, CHP kurultay davas\u0131n\u0131n ertelenmesinin ard\u0131ndan bas\u0131n mensuplar\u0131na yapt\u0131\u011f\u0131 a\u00e7\u0131klamada, &#8220;Zarar vermemek i\u00e7in sessiz kald\u0131. S\u00fcrece ili\u015fkin bir beklentimiz yok&#8221; dedi. \u0130\u015fte o a\u00e7\u0131klama&#8230;\u00a0<a href=\"https:\/\/www.haberturk.com\/kemal-kilicdaroglu-nun-avukatindan-aciklama-kurultay-davasiyla-ilgimiz-yok-3822536\" target=\"_blank\" class=\"feedzy-rss-link-icon\">Read More<\/a><\/p>","protected":false},"excerpt":{"rendered":"<p>CHP Eski Genel Ba\u015fkan\u0131 Kemal K\u0131l\u0131\u00e7daro\u011flu&#8217;nun avukat\u0131 Celal \u00c7elik, CHP kurultay davas\u0131n\u0131n ertelenmesinin ard\u0131ndan bas\u0131n mensuplar\u0131na yapt\u0131\u011f\u0131 a\u00e7\u0131klamada, &#8220;Zarar vermemek i\u00e7in sessiz kald\u0131. S\u00fcrece ili\u015fkin bir beklentimiz yok&#8221; dedi. \u0130\u015fte o a\u00e7\u0131klama&#8230;CHP Eski Genel Ba\u015fkan\u0131 Kemal K\u0131l\u0131\u00e7daro\u011flu&#8217;nun avukat\u0131 Celal \u00c7elik, CHP kurultay davas\u0131n\u0131n ertelenmesinin ard\u0131ndan bas\u0131n mensuplar\u0131na yapt\u0131\u011f\u0131 a\u00e7\u0131klamada, &#8220;Zarar vermemek i\u00e7in sessiz kald\u0131. S\u00fcrece [&hellip;]<\/p>\n","protected":false},"author":1,"featured_media":0,"comment_status":"open","ping_status":"open","sticky":false,"template":"","format":"standard","meta":{"footnotes":"","_links_to":"","_links_to_target":""},"categories":[1],"tags":[],"class_list":["post-5336","post","type-post","status-publish","format-standard","hentry","category-haberler"],"_links":{"self":[{"href":"https:\/\/www.abchukuk.com\/index.php\/wp-json\/wp\/v2\/posts\/5336","targetHints":{"allow":["GET"]}}],"collection":[{"href":"https:\/\/www.abchukuk.com\/index.php\/wp-json\/wp\/v2\/posts"}],"about":[{"href":"https:\/\/www.abchukuk.com\/index.php\/wp-json\/wp\/v2\/types\/post"}],"author":[{"embeddable":true,"href":"https:\/\/www.abchukuk.com\/index.php\/wp-json\/wp\/v2\/users\/1"}],"replies":[{"embeddable":true,"href":"https:\/\/www.abchukuk.com\/index.php\/wp-json\/wp\/v2\/comments?post=5336"}],"version-history":[{"count":0,"href":"https:\/\/www.abchukuk.com\/index.php\/wp-json\/wp\/v2\/posts\/5336\/revisions"}],"wp:attachment":[{"href":"https:\/\/www.abchukuk.com\/index.php\/wp-json\/wp\/v2\/media?parent=5336"}],"wp:term":[{"taxonomy":"category","embeddable":true,"href":"https:\/\/www.abchukuk.com\/index.php\/wp-json\/wp\/v2\/categories?post=5336"},{"taxonomy":"post_tag","embeddable":true,"href":"https:\/\/www.abchukuk.com\/index.php\/wp-json\/wp\/v2\/tags?post=5336"}],"curies":[{"name":"wp","href":"https:\/\/api.w.org\/{rel}","templated":true}]}}