{"id":5323,"date":"2025-09-15T19:02:34","date_gmt":"2025-09-15T19:02:34","guid":{"rendered":"https:\/\/www.abchukuk.com\/index.php\/2025\/09\/15\/kizilcik-serbeti-senaristi-merve-gontem-gozaltina-alindi\/"},"modified":"2025-09-15T19:02:34","modified_gmt":"2025-09-15T19:02:34","slug":"kizilcik-serbeti-senaristi-merve-gontem-gozaltina-alindi","status":"publish","type":"post","link":"https:\/\/www.abchukuk.com\/index.php\/2025\/09\/15\/kizilcik-serbeti-senaristi-merve-gontem-gozaltina-alindi\/","title":{"rendered":"K\u0131z\u0131lc\u0131k \u015eerbeti senaristi Merve G\u00f6ntem g\u00f6zalt\u0131na al\u0131nd\u0131"},"content":{"rendered":"<p>K\u0131z\u0131lc\u0131k \u015eerbeti dizisinin senaristi Merve G\u00f6ntem g\u00f6zalt\u0131na al\u0131nd\u0131. Birsen Altunta\u015f\u2019\u0131n aktard\u0131\u011f\u0131 bilgilere g\u00f6re, G\u00f6ntem\u2019in 4 y\u0131l \u00f6nce kat\u0131ld\u0131\u011f\u0131 bir r\u00f6portaj\u0131nda kulland\u0131\u011f\u0131 ifadeler gerek\u00e7e g\u00f6sterildi.K\u0131z\u0131lc\u0131k \u015eerbeti dizisinin senaristi Merve G\u00f6ntem g\u00f6zalt\u0131na al\u0131nd\u0131. Birsen Altunta\u015f\u2019\u0131n aktard\u0131\u011f\u0131 bilgilere g\u00f6re, G\u00f6ntem\u2019in 4 y\u0131l \u00f6nce kat\u0131ld\u0131\u011f\u0131 bir r\u00f6portaj\u0131nda kulland\u0131\u011f\u0131 ifadeler gerek\u00e7e g\u00f6sterildi.\u00a0<a href=\"https:\/\/anlatilaninotesi.com.tr\/20250915\/kizilcik-serbeti-senaristi-merve-gontem-gozaltina-alindi-1099386482.html\" target=\"_blank\" class=\"feedzy-rss-link-icon\">Read More<\/a><\/p>","protected":false},"excerpt":{"rendered":"<p>K\u0131z\u0131lc\u0131k \u015eerbeti dizisinin senaristi Merve G\u00f6ntem g\u00f6zalt\u0131na al\u0131nd\u0131. Birsen Altunta\u015f\u2019\u0131n aktard\u0131\u011f\u0131 bilgilere g\u00f6re, G\u00f6ntem\u2019in 4 y\u0131l \u00f6nce kat\u0131ld\u0131\u011f\u0131 bir r\u00f6portaj\u0131nda kulland\u0131\u011f\u0131 ifadeler gerek\u00e7e g\u00f6sterildi.K\u0131z\u0131lc\u0131k \u015eerbeti dizisinin senaristi Merve G\u00f6ntem g\u00f6zalt\u0131na al\u0131nd\u0131. Birsen Altunta\u015f\u2019\u0131n aktard\u0131\u011f\u0131 bilgilere g\u00f6re, G\u00f6ntem\u2019in 4 y\u0131l \u00f6nce kat\u0131ld\u0131\u011f\u0131 bir r\u00f6portaj\u0131nda kulland\u0131\u011f\u0131 ifadeler gerek\u00e7e g\u00f6sterildi.\u00a0Read More<\/p>\n","protected":false},"author":1,"featured_media":0,"comment_status":"open","ping_status":"open","sticky":false,"template":"","format":"standard","meta":{"footnotes":"","_links_to":"","_links_to_target":""},"categories":[1],"tags":[],"class_list":["post-5323","post","type-post","status-publish","format-standard","hentry","category-haberler"],"_links":{"self":[{"href":"https:\/\/www.abchukuk.com\/index.php\/wp-json\/wp\/v2\/posts\/5323","targetHints":{"allow":["GET"]}}],"collection":[{"href":"https:\/\/www.abchukuk.com\/index.php\/wp-json\/wp\/v2\/posts"}],"about":[{"href":"https:\/\/www.abchukuk.com\/index.php\/wp-json\/wp\/v2\/types\/post"}],"author":[{"embeddable":true,"href":"https:\/\/www.abchukuk.com\/index.php\/wp-json\/wp\/v2\/users\/1"}],"replies":[{"embeddable":true,"href":"https:\/\/www.abchukuk.com\/index.php\/wp-json\/wp\/v2\/comments?post=5323"}],"version-history":[{"count":0,"href":"https:\/\/www.abchukuk.com\/index.php\/wp-json\/wp\/v2\/posts\/5323\/revisions"}],"wp:attachment":[{"href":"https:\/\/www.abchukuk.com\/index.php\/wp-json\/wp\/v2\/media?parent=5323"}],"wp:term":[{"taxonomy":"category","embeddable":true,"href":"https:\/\/www.abchukuk.com\/index.php\/wp-json\/wp\/v2\/categories?post=5323"},{"taxonomy":"post_tag","embeddable":true,"href":"https:\/\/www.abchukuk.com\/index.php\/wp-json\/wp\/v2\/tags?post=5323"}],"curies":[{"name":"wp","href":"https:\/\/api.w.org\/{rel}","templated":true}]}}