{"id":5320,"date":"2025-09-15T17:24:14","date_gmt":"2025-09-15T17:24:14","guid":{"rendered":"https:\/\/www.abchukuk.com\/index.php\/2025\/09\/15\/gursel-tekin-mahkemenin-erteleme-karari-partimiz-icin-hayirli-ugurlu-olsun\/"},"modified":"2025-09-15T17:24:14","modified_gmt":"2025-09-15T17:24:14","slug":"gursel-tekin-mahkemenin-erteleme-karari-partimiz-icin-hayirli-ugurlu-olsun","status":"publish","type":"post","link":"https:\/\/www.abchukuk.com\/index.php\/2025\/09\/15\/gursel-tekin-mahkemenin-erteleme-karari-partimiz-icin-hayirli-ugurlu-olsun\/","title":{"rendered":"G\u00fcrsel Tekin: Mahkemenin erteleme karar\u0131 partimiz i\u00e7in hay\u0131rl\u0131, u\u011furlu olsun"},"content":{"rendered":"<p>CHP \u0130stanbul \u0130l Y\u00f6netimi\u2019ne g\u00f6revlendirilen G\u00fcrsel Tekin, CHP\u2019nin kurultay davas\u0131n\u0131n ertelenmesini de\u011ferlendirdi. Tekin, karar\u0131n parti i\u00e7in hay\u0131rl\u0131 olmas\u0131n\u0131 diledi\u011fini belirtirken, mahkemelerin bir an \u00f6nce tamamlanmas\u0131 temennisinde bulundu.CHP \u0130stanbul \u0130l Y\u00f6netimi\u2019ne g\u00f6revlendirilen G\u00fcrsel Tekin, CHP\u2019nin kurultay davas\u0131n\u0131n ertelenmesini de\u011ferlendirdi. Tekin, karar\u0131n parti i\u00e7in hay\u0131rl\u0131 olmas\u0131n\u0131 diledi\u011fini belirtirken, mahkemelerin bir an \u00f6nce tamamlanmas\u0131 temennisinde bulundu.\u00a0<a href=\"https:\/\/anlatilaninotesi.com.tr\/20250915\/gursel-tekin-partimiz-icin-hayirli-ugurlu-olsun-1099383875.html\" target=\"_blank\" class=\"feedzy-rss-link-icon\">Read More<\/a><\/p>","protected":false},"excerpt":{"rendered":"<p>CHP \u0130stanbul \u0130l Y\u00f6netimi\u2019ne g\u00f6revlendirilen G\u00fcrsel Tekin, CHP\u2019nin kurultay davas\u0131n\u0131n ertelenmesini de\u011ferlendirdi. Tekin, karar\u0131n parti i\u00e7in hay\u0131rl\u0131 olmas\u0131n\u0131 diledi\u011fini belirtirken, mahkemelerin bir an \u00f6nce tamamlanmas\u0131 temennisinde bulundu.CHP \u0130stanbul \u0130l Y\u00f6netimi\u2019ne g\u00f6revlendirilen G\u00fcrsel Tekin, CHP\u2019nin kurultay davas\u0131n\u0131n ertelenmesini de\u011ferlendirdi. Tekin, karar\u0131n parti i\u00e7in hay\u0131rl\u0131 olmas\u0131n\u0131 diledi\u011fini belirtirken, mahkemelerin bir an \u00f6nce tamamlanmas\u0131 temennisinde bulundu.\u00a0Read More<\/p>\n","protected":false},"author":1,"featured_media":0,"comment_status":"open","ping_status":"open","sticky":false,"template":"","format":"standard","meta":{"footnotes":"","_links_to":"","_links_to_target":""},"categories":[1],"tags":[],"class_list":["post-5320","post","type-post","status-publish","format-standard","hentry","category-haberler"],"_links":{"self":[{"href":"https:\/\/www.abchukuk.com\/index.php\/wp-json\/wp\/v2\/posts\/5320","targetHints":{"allow":["GET"]}}],"collection":[{"href":"https:\/\/www.abchukuk.com\/index.php\/wp-json\/wp\/v2\/posts"}],"about":[{"href":"https:\/\/www.abchukuk.com\/index.php\/wp-json\/wp\/v2\/types\/post"}],"author":[{"embeddable":true,"href":"https:\/\/www.abchukuk.com\/index.php\/wp-json\/wp\/v2\/users\/1"}],"replies":[{"embeddable":true,"href":"https:\/\/www.abchukuk.com\/index.php\/wp-json\/wp\/v2\/comments?post=5320"}],"version-history":[{"count":0,"href":"https:\/\/www.abchukuk.com\/index.php\/wp-json\/wp\/v2\/posts\/5320\/revisions"}],"wp:attachment":[{"href":"https:\/\/www.abchukuk.com\/index.php\/wp-json\/wp\/v2\/media?parent=5320"}],"wp:term":[{"taxonomy":"category","embeddable":true,"href":"https:\/\/www.abchukuk.com\/index.php\/wp-json\/wp\/v2\/categories?post=5320"},{"taxonomy":"post_tag","embeddable":true,"href":"https:\/\/www.abchukuk.com\/index.php\/wp-json\/wp\/v2\/tags?post=5320"}],"curies":[{"name":"wp","href":"https:\/\/api.w.org\/{rel}","templated":true}]}}