{"id":5314,"date":"2025-09-15T18:50:00","date_gmt":"2025-09-15T18:50:00","guid":{"rendered":"https:\/\/www.abchukuk.com\/index.php\/2025\/09\/15\/hedef-gosterilmisti-kizilcik-serbetinin-senaristi-gozaltina-alindi\/"},"modified":"2025-09-15T18:50:00","modified_gmt":"2025-09-15T18:50:00","slug":"hedef-gosterilmisti-kizilcik-serbetinin-senaristi-gozaltina-alindi","status":"publish","type":"post","link":"https:\/\/www.abchukuk.com\/index.php\/2025\/09\/15\/hedef-gosterilmisti-kizilcik-serbetinin-senaristi-gozaltina-alindi\/","title":{"rendered":"Hedef G\u00f6sterilmi\u015fti: K\u0131z\u0131lc\u0131k \u015eerbeti&#8217;nin Senaristi G\u00f6zalt\u0131na Al\u0131nd\u0131!"},"content":{"rendered":"<p><a href=\"https:\/\/www.gercekgundem.com\/guncel\/hedef-gosterilmisti-kizilcik-serbetinin-senaristi-gozaltina-alindi-555472\"><br \/>\n                                                            <img decoding=\"async\" src=\"https:\/\/i.gercekgundem.com\/2\/150\/84\/storage\/files\/images\/2025\/09\/15\/hedef-gosterilmisti-kizilcik-serbetinin-senaristi-gozaltina-alindi-yaox.png\" width=\"150\" height=\"84\" border=\"0\" align=\"right\" \/><br \/>\n                                                    <\/a><\/p>\n<h4>K\u0131z\u0131lc\u0131k \u015eerbeti dizisinin senaristi Merve G\u00f6ntem g\u00f6zalt\u0131na al\u0131nd\u0131. G\u00f6ntem&#8217;in avukat\u0131 Giray Kemer, g\u00f6zalt\u0131n\u0131n nedenine ili\u015fkin bilgi verdi.<\/h4>\n<p>K\u0131z\u0131lc\u0131k \u015eerbeti dizisinin senaristi Merve G\u00f6ntem g\u00f6zalt\u0131na al\u0131nd\u0131. G\u00f6ntem&#8217;in avukat\u0131 Giray Kemer, g\u00f6zalt\u0131n\u0131n nedenine ili\u015fkin bilgi verdi.\u00a0<a href=\"https:\/\/www.gercekgundem.com\/guncel\/hedef-gosterilmisti-kizilcik-serbetinin-senaristi-gozaltina-alindi-555472\" target=\"_blank\" class=\"feedzy-rss-link-icon\">Read More<\/a><\/p>","protected":false},"excerpt":{"rendered":"<p>K\u0131z\u0131lc\u0131k \u015eerbeti dizisinin senaristi Merve G\u00f6ntem g\u00f6zalt\u0131na al\u0131nd\u0131. G\u00f6ntem&#8217;in avukat\u0131 Giray Kemer, g\u00f6zalt\u0131n\u0131n nedenine ili\u015fkin bilgi verdi. K\u0131z\u0131lc\u0131k \u015eerbeti dizisinin senaristi Merve G\u00f6ntem g\u00f6zalt\u0131na al\u0131nd\u0131. G\u00f6ntem&#8217;in avukat\u0131 Giray Kemer, g\u00f6zalt\u0131n\u0131n nedenine ili\u015fkin bilgi verdi.\u00a0Read More<\/p>\n","protected":false},"author":1,"featured_media":5315,"comment_status":"open","ping_status":"open","sticky":false,"template":"","format":"standard","meta":{"footnotes":"","_links_to":"","_links_to_target":""},"categories":[1],"tags":[],"class_list":["post-5314","post","type-post","status-publish","format-standard","has-post-thumbnail","hentry","category-haberler"],"_links":{"self":[{"href":"https:\/\/www.abchukuk.com\/index.php\/wp-json\/wp\/v2\/posts\/5314","targetHints":{"allow":["GET"]}}],"collection":[{"href":"https:\/\/www.abchukuk.com\/index.php\/wp-json\/wp\/v2\/posts"}],"about":[{"href":"https:\/\/www.abchukuk.com\/index.php\/wp-json\/wp\/v2\/types\/post"}],"author":[{"embeddable":true,"href":"https:\/\/www.abchukuk.com\/index.php\/wp-json\/wp\/v2\/users\/1"}],"replies":[{"embeddable":true,"href":"https:\/\/www.abchukuk.com\/index.php\/wp-json\/wp\/v2\/comments?post=5314"}],"version-history":[{"count":0,"href":"https:\/\/www.abchukuk.com\/index.php\/wp-json\/wp\/v2\/posts\/5314\/revisions"}],"wp:featuredmedia":[{"embeddable":true,"href":"https:\/\/www.abchukuk.com\/index.php\/wp-json\/wp\/v2\/media\/5315"}],"wp:attachment":[{"href":"https:\/\/www.abchukuk.com\/index.php\/wp-json\/wp\/v2\/media?parent=5314"}],"wp:term":[{"taxonomy":"category","embeddable":true,"href":"https:\/\/www.abchukuk.com\/index.php\/wp-json\/wp\/v2\/categories?post=5314"},{"taxonomy":"post_tag","embeddable":true,"href":"https:\/\/www.abchukuk.com\/index.php\/wp-json\/wp\/v2\/tags?post=5314"}],"curies":[{"name":"wp","href":"https:\/\/api.w.org\/{rel}","templated":true}]}}