{"id":5312,"date":"2025-09-15T17:31:00","date_gmt":"2025-09-15T17:31:00","guid":{"rendered":"https:\/\/www.abchukuk.com\/index.php\/2025\/09\/15\/can-yayin-holding-sorusturmasinda-flas-gelisme-yonetim-kurulu-baskani-kenan-tekdag-adli-kontrolle-serbest\/"},"modified":"2025-09-15T17:31:00","modified_gmt":"2025-09-15T17:31:00","slug":"can-yayin-holding-sorusturmasinda-flas-gelisme-yonetim-kurulu-baskani-kenan-tekdag-adli-kontrolle-serbest","status":"publish","type":"post","link":"https:\/\/www.abchukuk.com\/index.php\/2025\/09\/15\/can-yayin-holding-sorusturmasinda-flas-gelisme-yonetim-kurulu-baskani-kenan-tekdag-adli-kontrolle-serbest\/","title":{"rendered":"Can Yay\u0131n Holding Soru\u015fturmas\u0131nda Fla\u015f Geli\u015fme: Y\u00f6netim Kurulu Ba\u015fkan\u0131 Kenan Tekda\u011f Adli Kontrolle Serbest"},"content":{"rendered":"<p><a href=\"https:\/\/www.gercekgundem.com\/guncel\/can-yayin-holding-sorusturmasinda-flas-gelisme-yonetim-kurulu-baskani-kenan-tekdag-adli-kontrolle-serbest-555468\"><br \/>\n                                                            <img decoding=\"async\" src=\"https:\/\/i.gercekgundem.com\/2\/150\/84\/storage\/files\/images\/2025\/09\/15\/can-yayin-holding-sorusturmasinda-flas-gelisme-yonetim-kurulu-baskani-kenan-tekdag-adli-kontrolle-serbest-fegs.png\" width=\"150\" height=\"84\" border=\"0\" align=\"right\" \/><br \/>\n                                                    <\/a><\/p>\n<h4>Can Holding\u2019e y\u00f6nelik soru\u015fturma kapsam\u0131nda hakk\u0131nda g\u00f6zalt\u0131 karar\u0131 verilen Kenan Tekda\u011f adli kontrolle serbest b\u0131rak\u0131ld\u0131.<\/h4>\n<p>Can Holding\u2019e y\u00f6nelik soru\u015fturma kapsam\u0131nda hakk\u0131nda g\u00f6zalt\u0131 karar\u0131 verilen Kenan Tekda\u011f adli kontrolle serbest b\u0131rak\u0131ld\u0131.\u00a0<a href=\"https:\/\/www.gercekgundem.com\/guncel\/can-yayin-holding-sorusturmasinda-flas-gelisme-yonetim-kurulu-baskani-kenan-tekdag-adli-kontrolle-serbest-555468\" target=\"_blank\" class=\"feedzy-rss-link-icon\">Read More<\/a><\/p>","protected":false},"excerpt":{"rendered":"<p>Can Holding\u2019e y\u00f6nelik soru\u015fturma kapsam\u0131nda hakk\u0131nda g\u00f6zalt\u0131 karar\u0131 verilen Kenan Tekda\u011f adli kontrolle serbest b\u0131rak\u0131ld\u0131. Can Holding\u2019e y\u00f6nelik soru\u015fturma kapsam\u0131nda hakk\u0131nda g\u00f6zalt\u0131 karar\u0131 verilen Kenan Tekda\u011f adli kontrolle serbest b\u0131rak\u0131ld\u0131.\u00a0Read More<\/p>\n","protected":false},"author":1,"featured_media":5313,"comment_status":"open","ping_status":"open","sticky":false,"template":"","format":"standard","meta":{"footnotes":"","_links_to":"","_links_to_target":""},"categories":[1],"tags":[],"class_list":["post-5312","post","type-post","status-publish","format-standard","has-post-thumbnail","hentry","category-haberler"],"_links":{"self":[{"href":"https:\/\/www.abchukuk.com\/index.php\/wp-json\/wp\/v2\/posts\/5312","targetHints":{"allow":["GET"]}}],"collection":[{"href":"https:\/\/www.abchukuk.com\/index.php\/wp-json\/wp\/v2\/posts"}],"about":[{"href":"https:\/\/www.abchukuk.com\/index.php\/wp-json\/wp\/v2\/types\/post"}],"author":[{"embeddable":true,"href":"https:\/\/www.abchukuk.com\/index.php\/wp-json\/wp\/v2\/users\/1"}],"replies":[{"embeddable":true,"href":"https:\/\/www.abchukuk.com\/index.php\/wp-json\/wp\/v2\/comments?post=5312"}],"version-history":[{"count":0,"href":"https:\/\/www.abchukuk.com\/index.php\/wp-json\/wp\/v2\/posts\/5312\/revisions"}],"wp:featuredmedia":[{"embeddable":true,"href":"https:\/\/www.abchukuk.com\/index.php\/wp-json\/wp\/v2\/media\/5313"}],"wp:attachment":[{"href":"https:\/\/www.abchukuk.com\/index.php\/wp-json\/wp\/v2\/media?parent=5312"}],"wp:term":[{"taxonomy":"category","embeddable":true,"href":"https:\/\/www.abchukuk.com\/index.php\/wp-json\/wp\/v2\/categories?post=5312"},{"taxonomy":"post_tag","embeddable":true,"href":"https:\/\/www.abchukuk.com\/index.php\/wp-json\/wp\/v2\/tags?post=5312"}],"curies":[{"name":"wp","href":"https:\/\/api.w.org\/{rel}","templated":true}]}}