{"id":5309,"date":"2025-09-15T17:57:27","date_gmt":"2025-09-15T17:57:27","guid":{"rendered":"https:\/\/www.abchukuk.com\/index.php\/2025\/09\/15\/can-holdinge-yonelik-sorusturmada-kenan-tekdag-adli-kontrol-sartiyla-serbest-birakildi\/"},"modified":"2025-09-15T17:57:27","modified_gmt":"2025-09-15T17:57:27","slug":"can-holdinge-yonelik-sorusturmada-kenan-tekdag-adli-kontrol-sartiyla-serbest-birakildi","status":"publish","type":"post","link":"https:\/\/www.abchukuk.com\/index.php\/2025\/09\/15\/can-holdinge-yonelik-sorusturmada-kenan-tekdag-adli-kontrol-sartiyla-serbest-birakildi\/","title":{"rendered":"Can Holding\u2019e y\u00f6nelik soru\u015fturmada Kenan Tekda\u011f adli kontrol \u015fart\u0131yla serbest b\u0131rak\u0131ld\u0131"},"content":{"rendered":"<p>K\u00fc\u00e7\u00fck\u00e7ekmece Cumhuriyet Ba\u015fsavc\u0131l\u0131\u011f\u0131 taraf\u0131ndan ba\u015flat\u0131lan soru\u015fturma kapsam\u0131nda Can Holding\u2019e y\u00f6nelik soru\u015fturm kapsam\u0131nda Kenan Tekda\u011f adli kontrol \u015fart\u0131yla serbest b\u0131rak\u0131ld\u0131.K\u00fc\u00e7\u00fck\u00e7ekmece Cumhuriyet Ba\u015fsavc\u0131l\u0131\u011f\u0131 taraf\u0131ndan ba\u015flat\u0131lan soru\u015fturma kapsam\u0131nda Can Holding\u2019e y\u00f6nelik soru\u015fturm kapsam\u0131nda Kenan Tekda\u011f adli kontrol \u015fart\u0131yla serbest b\u0131rak\u0131ld\u0131.\u00a0<a href=\"https:\/\/anlatilaninotesi.com.tr\/20250915\/can-holdinge-yonelik-sorusturmada-kenan-tekdag-adli-kontrol-sartiyla-serbest-birakildi-1099384318.html\" target=\"_blank\" class=\"feedzy-rss-link-icon\">Read More<\/a><\/p>","protected":false},"excerpt":{"rendered":"<p>K\u00fc\u00e7\u00fck\u00e7ekmece Cumhuriyet Ba\u015fsavc\u0131l\u0131\u011f\u0131 taraf\u0131ndan ba\u015flat\u0131lan soru\u015fturma kapsam\u0131nda Can Holding\u2019e y\u00f6nelik soru\u015fturm kapsam\u0131nda Kenan Tekda\u011f adli kontrol \u015fart\u0131yla serbest b\u0131rak\u0131ld\u0131.K\u00fc\u00e7\u00fck\u00e7ekmece Cumhuriyet Ba\u015fsavc\u0131l\u0131\u011f\u0131 taraf\u0131ndan ba\u015flat\u0131lan soru\u015fturma kapsam\u0131nda Can Holding\u2019e y\u00f6nelik soru\u015fturm kapsam\u0131nda Kenan Tekda\u011f adli kontrol \u015fart\u0131yla serbest b\u0131rak\u0131ld\u0131.\u00a0Read More<\/p>\n","protected":false},"author":1,"featured_media":0,"comment_status":"open","ping_status":"open","sticky":false,"template":"","format":"standard","meta":{"footnotes":"","_links_to":"","_links_to_target":""},"categories":[1],"tags":[],"class_list":["post-5309","post","type-post","status-publish","format-standard","hentry","category-haberler"],"_links":{"self":[{"href":"https:\/\/www.abchukuk.com\/index.php\/wp-json\/wp\/v2\/posts\/5309","targetHints":{"allow":["GET"]}}],"collection":[{"href":"https:\/\/www.abchukuk.com\/index.php\/wp-json\/wp\/v2\/posts"}],"about":[{"href":"https:\/\/www.abchukuk.com\/index.php\/wp-json\/wp\/v2\/types\/post"}],"author":[{"embeddable":true,"href":"https:\/\/www.abchukuk.com\/index.php\/wp-json\/wp\/v2\/users\/1"}],"replies":[{"embeddable":true,"href":"https:\/\/www.abchukuk.com\/index.php\/wp-json\/wp\/v2\/comments?post=5309"}],"version-history":[{"count":0,"href":"https:\/\/www.abchukuk.com\/index.php\/wp-json\/wp\/v2\/posts\/5309\/revisions"}],"wp:attachment":[{"href":"https:\/\/www.abchukuk.com\/index.php\/wp-json\/wp\/v2\/media?parent=5309"}],"wp:term":[{"taxonomy":"category","embeddable":true,"href":"https:\/\/www.abchukuk.com\/index.php\/wp-json\/wp\/v2\/categories?post=5309"},{"taxonomy":"post_tag","embeddable":true,"href":"https:\/\/www.abchukuk.com\/index.php\/wp-json\/wp\/v2\/tags?post=5309"}],"curies":[{"name":"wp","href":"https:\/\/api.w.org\/{rel}","templated":true}]}}