{"id":5304,"date":"2025-09-15T15:11:43","date_gmt":"2025-09-15T15:11:43","guid":{"rendered":"https:\/\/www.abchukuk.com\/index.php\/2025\/09\/15\/grand-kartal-oteldeki-yangin-faciasinda-savci-mutalaa-verdi-istenen-cezalar-belli-oldu\/"},"modified":"2025-09-15T15:11:43","modified_gmt":"2025-09-15T15:11:43","slug":"grand-kartal-oteldeki-yangin-faciasinda-savci-mutalaa-verdi-istenen-cezalar-belli-oldu","status":"publish","type":"post","link":"https:\/\/www.abchukuk.com\/index.php\/2025\/09\/15\/grand-kartal-oteldeki-yangin-faciasinda-savci-mutalaa-verdi-istenen-cezalar-belli-oldu\/","title":{"rendered":"Grand Kartal Otel&#8217;deki Yang\u0131n Facias\u0131nda Savc\u0131 M\u00fctalaa Verdi: \u0130stenen Cezalar Belli Oldu"},"content":{"rendered":"<p><a href=\"https:\/\/www.gercekgundem.com\/guncel\/grand-kartal-oteldeki-yangin-faciasinda-savci-mutalaa-verdi-istenen-cezalar-belli-oldu-555454\"><br \/>\n                                                            <img decoding=\"async\" src=\"https:\/\/i.gercekgundem.com\/2\/150\/84\/storage\/files\/images\/2025\/09\/15\/grand-kartal-oteldeki-yangin-faciasinda-savci-mutalaa-verdi-istenen-cezalar-belli-oldu-dhki.png\" width=\"150\" height=\"84\" border=\"0\" align=\"right\" \/><br \/>\n                                                    <\/a><\/p>\n<h4>78 vatanda\u015f\u0131n hayat\u0131n\u0131 kaybetti\u011fi Grand Kartal Otel facias\u0131 davas\u0131nda savc\u0131l\u0131k m\u00fctalaa verdi. San\u0131klar hakk\u0131nda istenen cezalar belli oldu.<\/h4>\n<p>78 vatanda\u015f\u0131n hayat\u0131n\u0131 kaybetti\u011fi Grand Kartal Otel facias\u0131 davas\u0131nda savc\u0131l\u0131k m\u00fctalaa verdi. San\u0131klar hakk\u0131nda istenen cezalar belli oldu.\u00a0<a href=\"https:\/\/www.gercekgundem.com\/guncel\/grand-kartal-oteldeki-yangin-faciasinda-savci-mutalaa-verdi-istenen-cezalar-belli-oldu-555454\" target=\"_blank\" class=\"feedzy-rss-link-icon\">Read More<\/a><\/p>","protected":false},"excerpt":{"rendered":"<p>78 vatanda\u015f\u0131n hayat\u0131n\u0131 kaybetti\u011fi Grand Kartal Otel facias\u0131 davas\u0131nda savc\u0131l\u0131k m\u00fctalaa verdi. San\u0131klar hakk\u0131nda istenen cezalar belli oldu. 78 vatanda\u015f\u0131n hayat\u0131n\u0131 kaybetti\u011fi Grand Kartal Otel facias\u0131 davas\u0131nda savc\u0131l\u0131k m\u00fctalaa verdi. San\u0131klar hakk\u0131nda istenen cezalar belli oldu.\u00a0Read More<\/p>\n","protected":false},"author":1,"featured_media":5305,"comment_status":"open","ping_status":"open","sticky":false,"template":"","format":"standard","meta":{"footnotes":"","_links_to":"","_links_to_target":""},"categories":[1],"tags":[],"class_list":["post-5304","post","type-post","status-publish","format-standard","has-post-thumbnail","hentry","category-haberler"],"_links":{"self":[{"href":"https:\/\/www.abchukuk.com\/index.php\/wp-json\/wp\/v2\/posts\/5304","targetHints":{"allow":["GET"]}}],"collection":[{"href":"https:\/\/www.abchukuk.com\/index.php\/wp-json\/wp\/v2\/posts"}],"about":[{"href":"https:\/\/www.abchukuk.com\/index.php\/wp-json\/wp\/v2\/types\/post"}],"author":[{"embeddable":true,"href":"https:\/\/www.abchukuk.com\/index.php\/wp-json\/wp\/v2\/users\/1"}],"replies":[{"embeddable":true,"href":"https:\/\/www.abchukuk.com\/index.php\/wp-json\/wp\/v2\/comments?post=5304"}],"version-history":[{"count":0,"href":"https:\/\/www.abchukuk.com\/index.php\/wp-json\/wp\/v2\/posts\/5304\/revisions"}],"wp:featuredmedia":[{"embeddable":true,"href":"https:\/\/www.abchukuk.com\/index.php\/wp-json\/wp\/v2\/media\/5305"}],"wp:attachment":[{"href":"https:\/\/www.abchukuk.com\/index.php\/wp-json\/wp\/v2\/media?parent=5304"}],"wp:term":[{"taxonomy":"category","embeddable":true,"href":"https:\/\/www.abchukuk.com\/index.php\/wp-json\/wp\/v2\/categories?post=5304"},{"taxonomy":"post_tag","embeddable":true,"href":"https:\/\/www.abchukuk.com\/index.php\/wp-json\/wp\/v2\/tags?post=5304"}],"curies":[{"name":"wp","href":"https:\/\/api.w.org\/{rel}","templated":true}]}}