{"id":5297,"date":"2025-09-15T15:53:00","date_gmt":"2025-09-15T15:53:00","guid":{"rendered":"https:\/\/www.abchukuk.com\/index.php\/2025\/09\/15\/hiz-uyarisi-yapan-babaya-cocuklarinin-yaninda-tokat-atti-gozalti-karari-verildi\/"},"modified":"2025-09-15T15:53:00","modified_gmt":"2025-09-15T15:53:00","slug":"hiz-uyarisi-yapan-babaya-cocuklarinin-yaninda-tokat-atti-gozalti-karari-verildi","status":"publish","type":"post","link":"https:\/\/www.abchukuk.com\/index.php\/2025\/09\/15\/hiz-uyarisi-yapan-babaya-cocuklarinin-yaninda-tokat-atti-gozalti-karari-verildi\/","title":{"rendered":"H\u0131z uyar\u0131s\u0131 yapan babaya \u00e7ocuklar\u0131n\u0131n yan\u0131nda tokat att\u0131: G\u00f6zalt\u0131 karar\u0131 verildi"},"content":{"rendered":"<p>Kocaeli&#8217;nin Gebze il\u00e7esinde iki \u00e7ocu\u011funu okula g\u00f6t\u00fcren babaya, s\u00fcratli gitti\u011fi i\u00e7in uyard\u0131\u011f\u0131 cip s\u00fcr\u00fcc\u00fcs\u00fc taraf\u0131ndan tokat at\u0131ld\u0131. S\u00f6z konusu olay hakk\u0131nda a\u00e7\u0131klama yapan Adalet Bakan\u0131 Y\u0131lmaz Tun\u00e7, babaya sald\u0131ran s\u00fcr\u00fcc\u00fc hakk\u0131nda g\u00f6zalt\u0131 karar\u0131 verildi\u011fini duyurdu.Kocaeli&#8217;nin Gebze il\u00e7esinde iki \u00e7ocu\u011funu okula g\u00f6t\u00fcren babaya, s\u00fcratli gitti\u011fi i\u00e7in uyard\u0131\u011f\u0131 cip s\u00fcr\u00fcc\u00fcs\u00fc taraf\u0131ndan tokat at\u0131ld\u0131. S\u00f6z konusu olay hakk\u0131nda a\u00e7\u0131klama yapan Adalet Bakan\u0131 Y\u0131lmaz Tun\u00e7, babaya sald\u0131ran s\u00fcr\u00fcc\u00fc hakk\u0131nda g\u00f6zalt\u0131 karar\u0131 verildi\u011fini duyurdu.\u00a0<a href=\"https:\/\/www.cumhuriyet.com.tr\/turkiye\/hiz-uyarisi-yapan-babaya-cocuklarinin-yaninda-tokat-atti-gozalti-karari-verildi-2435361\" target=\"_blank\" class=\"feedzy-rss-link-icon\">Read More<\/a><\/p>","protected":false},"excerpt":{"rendered":"<p>Kocaeli&#8217;nin Gebze il\u00e7esinde iki \u00e7ocu\u011funu okula g\u00f6t\u00fcren babaya, s\u00fcratli gitti\u011fi i\u00e7in uyard\u0131\u011f\u0131 cip s\u00fcr\u00fcc\u00fcs\u00fc taraf\u0131ndan tokat at\u0131ld\u0131. S\u00f6z konusu olay hakk\u0131nda a\u00e7\u0131klama yapan Adalet Bakan\u0131 Y\u0131lmaz Tun\u00e7, babaya sald\u0131ran s\u00fcr\u00fcc\u00fc hakk\u0131nda g\u00f6zalt\u0131 karar\u0131 verildi\u011fini duyurdu.Kocaeli&#8217;nin Gebze il\u00e7esinde iki \u00e7ocu\u011funu okula g\u00f6t\u00fcren babaya, s\u00fcratli gitti\u011fi i\u00e7in uyard\u0131\u011f\u0131 cip s\u00fcr\u00fcc\u00fcs\u00fc taraf\u0131ndan tokat at\u0131ld\u0131. S\u00f6z konusu olay hakk\u0131nda [&hellip;]<\/p>\n","protected":false},"author":1,"featured_media":5298,"comment_status":"open","ping_status":"open","sticky":false,"template":"","format":"standard","meta":{"footnotes":"","_links_to":"","_links_to_target":""},"categories":[1],"tags":[],"class_list":["post-5297","post","type-post","status-publish","format-standard","has-post-thumbnail","hentry","category-haberler"],"_links":{"self":[{"href":"https:\/\/www.abchukuk.com\/index.php\/wp-json\/wp\/v2\/posts\/5297","targetHints":{"allow":["GET"]}}],"collection":[{"href":"https:\/\/www.abchukuk.com\/index.php\/wp-json\/wp\/v2\/posts"}],"about":[{"href":"https:\/\/www.abchukuk.com\/index.php\/wp-json\/wp\/v2\/types\/post"}],"author":[{"embeddable":true,"href":"https:\/\/www.abchukuk.com\/index.php\/wp-json\/wp\/v2\/users\/1"}],"replies":[{"embeddable":true,"href":"https:\/\/www.abchukuk.com\/index.php\/wp-json\/wp\/v2\/comments?post=5297"}],"version-history":[{"count":0,"href":"https:\/\/www.abchukuk.com\/index.php\/wp-json\/wp\/v2\/posts\/5297\/revisions"}],"wp:featuredmedia":[{"embeddable":true,"href":"https:\/\/www.abchukuk.com\/index.php\/wp-json\/wp\/v2\/media\/5298"}],"wp:attachment":[{"href":"https:\/\/www.abchukuk.com\/index.php\/wp-json\/wp\/v2\/media?parent=5297"}],"wp:term":[{"taxonomy":"category","embeddable":true,"href":"https:\/\/www.abchukuk.com\/index.php\/wp-json\/wp\/v2\/categories?post=5297"},{"taxonomy":"post_tag","embeddable":true,"href":"https:\/\/www.abchukuk.com\/index.php\/wp-json\/wp\/v2\/tags?post=5297"}],"curies":[{"name":"wp","href":"https:\/\/api.w.org\/{rel}","templated":true}]}}