{"id":5293,"date":"2025-09-15T14:50:00","date_gmt":"2025-09-15T14:50:00","guid":{"rendered":"https:\/\/www.abchukuk.com\/index.php\/2025\/09\/15\/nurullah-efeye-tutuklama-talebi-chp-lideri-ozgur-ozelden-hkpye-gecmis-olsun-telefonu\/"},"modified":"2025-09-15T14:50:00","modified_gmt":"2025-09-15T14:50:00","slug":"nurullah-efeye-tutuklama-talebi-chp-lideri-ozgur-ozelden-hkpye-gecmis-olsun-telefonu","status":"publish","type":"post","link":"https:\/\/www.abchukuk.com\/index.php\/2025\/09\/15\/nurullah-efeye-tutuklama-talebi-chp-lideri-ozgur-ozelden-hkpye-gecmis-olsun-telefonu\/","title":{"rendered":"Nurullah Efe&#8217;ye tutuklama talebi: CHP lideri \u00d6zg\u00fcr \u00d6zel&#8217;den, HKP&#8217;ye ge\u00e7mi\u015f olsun telefonu"},"content":{"rendered":"<p>CHP Genel Ba\u015fkan\u0131 \u00d6zg\u00fcr \u00d6zel, gece yar\u0131s\u0131 evinde g\u00f6zalt\u0131na al\u0131nan ve &#8220;Cumhurba\u015fkan\u0131na hakaret&#8221; su\u00e7lamas\u0131yla tutuklama talebiyle Sulh Ceza Hakimli\u011fi&#8217;ne sevk edilen HKP Genel Ba\u015fkan\u0131 Nurullah Efe Ankut i\u00e7in, HKP MYK \u00fcyesi ve \u0130stanbul \u0130l Ba\u015fkan\u0131 P\u0131nar Akbina Karaman&#8217;\u0131 arayarak ge\u00e7mi\u015f olsun dileklerini iletti ve destek olacaklar\u0131n\u0131 bildirdi.CHP Genel Ba\u015fkan\u0131 \u00d6zg\u00fcr \u00d6zel, gece yar\u0131s\u0131 evinde g\u00f6zalt\u0131na al\u0131nan ve &#8220;Cumhurba\u015fkan\u0131na hakaret&#8221; su\u00e7lamas\u0131yla tutuklama talebiyle Sulh Ceza Hakimli\u011fi&#8217;ne sevk edilen HKP Genel Ba\u015fkan\u0131 Nurullah Efe Ankut i\u00e7in, HKP MYK \u00fcyesi ve \u0130stanbul \u0130l Ba\u015fkan\u0131 P\u0131nar Akbina Karaman&#8217;\u0131 arayarak ge\u00e7mi\u015f olsun dileklerini iletti ve destek olacaklar\u0131n\u0131 bildirdi.\u00a0<a href=\"https:\/\/www.cumhuriyet.com.tr\/siyaset\/nurullah-efe-ye-tutuklama-talebi-chp-lideri-ozgur-ozel-den-hkp-ye-gecmis-olsun-telefonu-2435347\" target=\"_blank\" class=\"feedzy-rss-link-icon\">Read More<\/a><\/p>","protected":false},"excerpt":{"rendered":"<p>CHP Genel Ba\u015fkan\u0131 \u00d6zg\u00fcr \u00d6zel, gece yar\u0131s\u0131 evinde g\u00f6zalt\u0131na al\u0131nan ve &#8220;Cumhurba\u015fkan\u0131na hakaret&#8221; su\u00e7lamas\u0131yla tutuklama talebiyle Sulh Ceza Hakimli\u011fi&#8217;ne sevk edilen HKP Genel Ba\u015fkan\u0131 Nurullah Efe Ankut i\u00e7in, HKP MYK \u00fcyesi ve \u0130stanbul \u0130l Ba\u015fkan\u0131 P\u0131nar Akbina Karaman&#8217;\u0131 arayarak ge\u00e7mi\u015f olsun dileklerini iletti ve destek olacaklar\u0131n\u0131 bildirdi.CHP Genel Ba\u015fkan\u0131 \u00d6zg\u00fcr \u00d6zel, gece yar\u0131s\u0131 evinde g\u00f6zalt\u0131na [&hellip;]<\/p>\n","protected":false},"author":1,"featured_media":5294,"comment_status":"open","ping_status":"open","sticky":false,"template":"","format":"standard","meta":{"footnotes":"","_links_to":"","_links_to_target":""},"categories":[1],"tags":[],"class_list":["post-5293","post","type-post","status-publish","format-standard","has-post-thumbnail","hentry","category-haberler"],"_links":{"self":[{"href":"https:\/\/www.abchukuk.com\/index.php\/wp-json\/wp\/v2\/posts\/5293","targetHints":{"allow":["GET"]}}],"collection":[{"href":"https:\/\/www.abchukuk.com\/index.php\/wp-json\/wp\/v2\/posts"}],"about":[{"href":"https:\/\/www.abchukuk.com\/index.php\/wp-json\/wp\/v2\/types\/post"}],"author":[{"embeddable":true,"href":"https:\/\/www.abchukuk.com\/index.php\/wp-json\/wp\/v2\/users\/1"}],"replies":[{"embeddable":true,"href":"https:\/\/www.abchukuk.com\/index.php\/wp-json\/wp\/v2\/comments?post=5293"}],"version-history":[{"count":0,"href":"https:\/\/www.abchukuk.com\/index.php\/wp-json\/wp\/v2\/posts\/5293\/revisions"}],"wp:featuredmedia":[{"embeddable":true,"href":"https:\/\/www.abchukuk.com\/index.php\/wp-json\/wp\/v2\/media\/5294"}],"wp:attachment":[{"href":"https:\/\/www.abchukuk.com\/index.php\/wp-json\/wp\/v2\/media?parent=5293"}],"wp:term":[{"taxonomy":"category","embeddable":true,"href":"https:\/\/www.abchukuk.com\/index.php\/wp-json\/wp\/v2\/categories?post=5293"},{"taxonomy":"post_tag","embeddable":true,"href":"https:\/\/www.abchukuk.com\/index.php\/wp-json\/wp\/v2\/tags?post=5293"}],"curies":[{"name":"wp","href":"https:\/\/api.w.org\/{rel}","templated":true}]}}