{"id":5288,"date":"2025-09-15T13:45:00","date_gmt":"2025-09-15T13:45:00","guid":{"rendered":"https:\/\/www.abchukuk.com\/index.php\/2025\/09\/15\/chp-beykoz-genclik-kollari-baskani-akpye-gecen-gurzel-paylasimlari-nedeniyle-gozaltina-alinmisti-adli-kontrol-sartiyla-serbest-birakildi\/"},"modified":"2025-09-15T13:45:00","modified_gmt":"2025-09-15T13:45:00","slug":"chp-beykoz-genclik-kollari-baskani-akpye-gecen-gurzel-paylasimlari-nedeniyle-gozaltina-alinmisti-adli-kontrol-sartiyla-serbest-birakildi","status":"publish","type":"post","link":"https:\/\/www.abchukuk.com\/index.php\/2025\/09\/15\/chp-beykoz-genclik-kollari-baskani-akpye-gecen-gurzel-paylasimlari-nedeniyle-gozaltina-alinmisti-adli-kontrol-sartiyla-serbest-birakildi\/","title":{"rendered":"CHP Beykoz Gen\u00e7lik Kollar\u0131 Ba\u015fkan\u0131, AKP\u2019ye ge\u00e7en G\u00fcrzel payla\u015f\u0131mlar\u0131 nedeniyle g\u00f6zalt\u0131na al\u0131nm\u0131\u015ft\u0131: Adli kontrol \u015fart\u0131yla serbest b\u0131rak\u0131ld\u0131"},"content":{"rendered":"<p>Beykoz Belediye Ba\u015fkanvekili \u00d6zlem Vural G\u00fcrzel&#8217;e sosyal medya payla\u015f\u0131mlar\u0131 \u00fczerinden hakaret etti\u011fi iddias\u0131yla g\u00f6zalt\u0131na al\u0131nan CHP Beykoz Gen\u00e7lik Kollar\u0131 Ba\u015fkan\u0131 Emre Mert K\u0131l\u0131\u00e7, adli kontrol \u015fart\u0131yla serbest b\u0131rak\u0131ld\u0131.Beykoz Belediye Ba\u015fkanvekili \u00d6zlem Vural G\u00fcrzel&#8217;e sosyal medya payla\u015f\u0131mlar\u0131 \u00fczerinden hakaret etti\u011fi iddias\u0131yla g\u00f6zalt\u0131na al\u0131nan CHP Beykoz Gen\u00e7lik Kollar\u0131 Ba\u015fkan\u0131 Emre Mert K\u0131l\u0131\u00e7, adli kontrol \u015fart\u0131yla serbest b\u0131rak\u0131ld\u0131.\u00a0<a href=\"https:\/\/www.cumhuriyet.com.tr\/turkiye\/chp-beykoz-genclik-kollari-baskani-akp-ye-gecen-gurzel-paylasimlari-nedeniyle-gozaltina-alinmisti-adli-kontrol-sartiyla-serbest-2435328\" target=\"_blank\" class=\"feedzy-rss-link-icon\">Read More<\/a><\/p>","protected":false},"excerpt":{"rendered":"<p>Beykoz Belediye Ba\u015fkanvekili \u00d6zlem Vural G\u00fcrzel&#8217;e sosyal medya payla\u015f\u0131mlar\u0131 \u00fczerinden hakaret etti\u011fi iddias\u0131yla g\u00f6zalt\u0131na al\u0131nan CHP Beykoz Gen\u00e7lik Kollar\u0131 Ba\u015fkan\u0131 Emre Mert K\u0131l\u0131\u00e7, adli kontrol \u015fart\u0131yla serbest b\u0131rak\u0131ld\u0131.Beykoz Belediye Ba\u015fkanvekili \u00d6zlem Vural G\u00fcrzel&#8217;e sosyal medya payla\u015f\u0131mlar\u0131 \u00fczerinden hakaret etti\u011fi iddias\u0131yla g\u00f6zalt\u0131na al\u0131nan CHP Beykoz Gen\u00e7lik Kollar\u0131 Ba\u015fkan\u0131 Emre Mert K\u0131l\u0131\u00e7, adli kontrol \u015fart\u0131yla serbest b\u0131rak\u0131ld\u0131.\u00a0Read [&hellip;]<\/p>\n","protected":false},"author":1,"featured_media":5289,"comment_status":"open","ping_status":"open","sticky":false,"template":"","format":"standard","meta":{"footnotes":"","_links_to":"","_links_to_target":""},"categories":[1],"tags":[],"class_list":["post-5288","post","type-post","status-publish","format-standard","has-post-thumbnail","hentry","category-haberler"],"_links":{"self":[{"href":"https:\/\/www.abchukuk.com\/index.php\/wp-json\/wp\/v2\/posts\/5288","targetHints":{"allow":["GET"]}}],"collection":[{"href":"https:\/\/www.abchukuk.com\/index.php\/wp-json\/wp\/v2\/posts"}],"about":[{"href":"https:\/\/www.abchukuk.com\/index.php\/wp-json\/wp\/v2\/types\/post"}],"author":[{"embeddable":true,"href":"https:\/\/www.abchukuk.com\/index.php\/wp-json\/wp\/v2\/users\/1"}],"replies":[{"embeddable":true,"href":"https:\/\/www.abchukuk.com\/index.php\/wp-json\/wp\/v2\/comments?post=5288"}],"version-history":[{"count":0,"href":"https:\/\/www.abchukuk.com\/index.php\/wp-json\/wp\/v2\/posts\/5288\/revisions"}],"wp:featuredmedia":[{"embeddable":true,"href":"https:\/\/www.abchukuk.com\/index.php\/wp-json\/wp\/v2\/media\/5289"}],"wp:attachment":[{"href":"https:\/\/www.abchukuk.com\/index.php\/wp-json\/wp\/v2\/media?parent=5288"}],"wp:term":[{"taxonomy":"category","embeddable":true,"href":"https:\/\/www.abchukuk.com\/index.php\/wp-json\/wp\/v2\/categories?post=5288"},{"taxonomy":"post_tag","embeddable":true,"href":"https:\/\/www.abchukuk.com\/index.php\/wp-json\/wp\/v2\/tags?post=5288"}],"curies":[{"name":"wp","href":"https:\/\/api.w.org\/{rel}","templated":true}]}}