{"id":5000,"date":"2025-09-15T12:02:00","date_gmt":"2025-09-15T12:02:00","guid":{"rendered":"https:\/\/www.abchukuk.com\/index.php\/2025\/09\/15\/hkp-genel-baskani-nurullah-efe-ankuta-tutuklama-talebi\/"},"modified":"2025-09-15T12:02:00","modified_gmt":"2025-09-15T12:02:00","slug":"hkp-genel-baskani-nurullah-efe-ankuta-tutuklama-talebi","status":"publish","type":"post","link":"https:\/\/www.abchukuk.com\/index.php\/2025\/09\/15\/hkp-genel-baskani-nurullah-efe-ankuta-tutuklama-talebi\/","title":{"rendered":"HKP Genel Ba\u015fkan\u0131 Nurullah Efe Ankut&#8217;a Tutuklama Talebi!"},"content":{"rendered":"<p><a href=\"https:\/\/www.gercekgundem.com\/guncel\/hkp-genel-baskani-nurullah-efe-ankuta-tutuklama-talebi-555411\"><br \/>\n                                                            <img decoding=\"async\" src=\"https:\/\/i.gercekgundem.com\/2\/150\/84\/storage\/files\/images\/2025\/09\/15\/hkp-genel-baskani-nurullah-efe-ankuta-tutuklama-talebi-yarc.jpg\" width=\"150\" height=\"84\" border=\"0\" align=\"right\" \/><br \/>\n                                                    <\/a><\/p>\n<h4>D\u00fcn gece saatlerinde evinden g\u00f6zalt\u0131na al\u0131nan HKP Genel Ba\u015fkan\u0131 Nurullah Efe Ankut, \u201cCumhurba\u015fkan\u0131na alenen hakaret\u201d su\u00e7undan tutukluma istemiyle Sulh Ceza Hakimli\u011fi\u2019ne sevk edildi.<\/h4>\n<p>D\u00fcn gece saatlerinde evinden g\u00f6zalt\u0131na al\u0131nan HKP Genel Ba\u015fkan\u0131 Nurullah Efe Ankut, \u201cCumhurba\u015fkan\u0131na alenen hakaret\u201d su\u00e7undan tutukluma istemiyle Sulh Ceza Hakimli\u011fi\u2019ne sevk edildi.\u00a0<a href=\"https:\/\/www.gercekgundem.com\/guncel\/hkp-genel-baskani-nurullah-efe-ankuta-tutuklama-talebi-555411\" target=\"_blank\" class=\"feedzy-rss-link-icon\">Read More<\/a><\/p>","protected":false},"excerpt":{"rendered":"<p>D\u00fcn gece saatlerinde evinden g\u00f6zalt\u0131na al\u0131nan HKP Genel Ba\u015fkan\u0131 Nurullah Efe Ankut, \u201cCumhurba\u015fkan\u0131na alenen hakaret\u201d su\u00e7undan tutukluma istemiyle Sulh Ceza Hakimli\u011fi\u2019ne sevk edildi. D\u00fcn gece saatlerinde evinden g\u00f6zalt\u0131na al\u0131nan HKP Genel Ba\u015fkan\u0131 Nurullah Efe Ankut, \u201cCumhurba\u015fkan\u0131na alenen hakaret\u201d su\u00e7undan tutukluma istemiyle Sulh Ceza Hakimli\u011fi\u2019ne sevk edildi.\u00a0Read More<\/p>\n","protected":false},"author":1,"featured_media":5001,"comment_status":"open","ping_status":"open","sticky":false,"template":"","format":"standard","meta":{"footnotes":"","_links_to":"","_links_to_target":""},"categories":[1],"tags":[],"class_list":["post-5000","post","type-post","status-publish","format-standard","has-post-thumbnail","hentry","category-haberler"],"_links":{"self":[{"href":"https:\/\/www.abchukuk.com\/index.php\/wp-json\/wp\/v2\/posts\/5000","targetHints":{"allow":["GET"]}}],"collection":[{"href":"https:\/\/www.abchukuk.com\/index.php\/wp-json\/wp\/v2\/posts"}],"about":[{"href":"https:\/\/www.abchukuk.com\/index.php\/wp-json\/wp\/v2\/types\/post"}],"author":[{"embeddable":true,"href":"https:\/\/www.abchukuk.com\/index.php\/wp-json\/wp\/v2\/users\/1"}],"replies":[{"embeddable":true,"href":"https:\/\/www.abchukuk.com\/index.php\/wp-json\/wp\/v2\/comments?post=5000"}],"version-history":[{"count":0,"href":"https:\/\/www.abchukuk.com\/index.php\/wp-json\/wp\/v2\/posts\/5000\/revisions"}],"wp:featuredmedia":[{"embeddable":true,"href":"https:\/\/www.abchukuk.com\/index.php\/wp-json\/wp\/v2\/media\/5001"}],"wp:attachment":[{"href":"https:\/\/www.abchukuk.com\/index.php\/wp-json\/wp\/v2\/media?parent=5000"}],"wp:term":[{"taxonomy":"category","embeddable":true,"href":"https:\/\/www.abchukuk.com\/index.php\/wp-json\/wp\/v2\/categories?post=5000"},{"taxonomy":"post_tag","embeddable":true,"href":"https:\/\/www.abchukuk.com\/index.php\/wp-json\/wp\/v2\/tags?post=5000"}],"curies":[{"name":"wp","href":"https:\/\/api.w.org\/{rel}","templated":true}]}}