{"id":4956,"date":"2025-09-15T11:24:00","date_gmt":"2025-09-15T11:24:00","guid":{"rendered":"https:\/\/www.abchukuk.com\/index.php\/2025\/09\/15\/2026-2028-donemi-butce-cagrisi-resmi-gazetede-oncelik-disiplin-ve-tasarruf\/"},"modified":"2025-09-15T11:24:00","modified_gmt":"2025-09-15T11:24:00","slug":"2026-2028-donemi-butce-cagrisi-resmi-gazetede-oncelik-disiplin-ve-tasarruf","status":"publish","type":"post","link":"https:\/\/www.abchukuk.com\/index.php\/2025\/09\/15\/2026-2028-donemi-butce-cagrisi-resmi-gazetede-oncelik-disiplin-ve-tasarruf\/","title":{"rendered":"2026-2028 D\u00f6nemi B\u00fct\u00e7e \u00c7a\u011fr\u0131s\u0131 Resmi Gazete&#8217;de: \u00d6ncelik disiplin ve tasarruf"},"content":{"rendered":"<p>2026-2028 D\u00f6nemi B\u00fct\u00e7e \u00c7a\u011fr\u0131s\u0131 Tebli\u011fi, Resmi Gazete&#8217;nin m\u00fckerrer say\u0131s\u0131nda yay\u0131mland\u0131. Cumhurba\u015fkan\u0131 Erdo\u011fan imzas\u0131yla yay\u0131mlanan tebli\u011fde, fiyat istikrar\u0131, verimsiz harcamalar\u0131n tasfiyesi ve b\u00fct\u00e7e disiplininin g\u00fc\u00e7lendirilmesi temel hedefler aras\u0131nda yer ald\u0131.2026-2028 D\u00f6nemi B\u00fct\u00e7e \u00c7a\u011fr\u0131s\u0131 Tebli\u011fi, Resmi Gazete&#8217;nin m\u00fckerrer say\u0131s\u0131nda yay\u0131mland\u0131. Cumhurba\u015fkan\u0131 Erdo\u011fan imzas\u0131yla yay\u0131mlanan tebli\u011fde, fiyat istikrar\u0131, verimsiz harcamalar\u0131n tasfiyesi ve b\u00fct\u00e7e disiplininin g\u00fc\u00e7lendirilmesi temel hedefler aras\u0131nda yer ald\u0131.\u00a0<a href=\"https:\/\/www.dunya.com\/ekonomi\/2026-2028-donemi-butce-cagrisi-resmi-gazetede-oncelik-disiplin-ve-tasarruf-haberi-794167\" target=\"_blank\" class=\"feedzy-rss-link-icon\">Read More<\/a><\/p>","protected":false},"excerpt":{"rendered":"<p>2026-2028 D\u00f6nemi B\u00fct\u00e7e \u00c7a\u011fr\u0131s\u0131 Tebli\u011fi, Resmi Gazete&#8217;nin m\u00fckerrer say\u0131s\u0131nda yay\u0131mland\u0131. Cumhurba\u015fkan\u0131 Erdo\u011fan imzas\u0131yla yay\u0131mlanan tebli\u011fde, fiyat istikrar\u0131, verimsiz harcamalar\u0131n tasfiyesi ve b\u00fct\u00e7e disiplininin g\u00fc\u00e7lendirilmesi temel hedefler aras\u0131nda yer ald\u0131.2026-2028 D\u00f6nemi B\u00fct\u00e7e \u00c7a\u011fr\u0131s\u0131 Tebli\u011fi, Resmi Gazete&#8217;nin m\u00fckerrer say\u0131s\u0131nda yay\u0131mland\u0131. Cumhurba\u015fkan\u0131 Erdo\u011fan imzas\u0131yla yay\u0131mlanan tebli\u011fde, fiyat istikrar\u0131, verimsiz harcamalar\u0131n tasfiyesi ve b\u00fct\u00e7e disiplininin g\u00fc\u00e7lendirilmesi temel hedefler aras\u0131nda [&hellip;]<\/p>\n","protected":false},"author":1,"featured_media":4957,"comment_status":"open","ping_status":"open","sticky":false,"template":"","format":"standard","meta":{"footnotes":"","_links_to":"","_links_to_target":""},"categories":[1],"tags":[],"class_list":["post-4956","post","type-post","status-publish","format-standard","has-post-thumbnail","hentry","category-haberler"],"_links":{"self":[{"href":"https:\/\/www.abchukuk.com\/index.php\/wp-json\/wp\/v2\/posts\/4956","targetHints":{"allow":["GET"]}}],"collection":[{"href":"https:\/\/www.abchukuk.com\/index.php\/wp-json\/wp\/v2\/posts"}],"about":[{"href":"https:\/\/www.abchukuk.com\/index.php\/wp-json\/wp\/v2\/types\/post"}],"author":[{"embeddable":true,"href":"https:\/\/www.abchukuk.com\/index.php\/wp-json\/wp\/v2\/users\/1"}],"replies":[{"embeddable":true,"href":"https:\/\/www.abchukuk.com\/index.php\/wp-json\/wp\/v2\/comments?post=4956"}],"version-history":[{"count":0,"href":"https:\/\/www.abchukuk.com\/index.php\/wp-json\/wp\/v2\/posts\/4956\/revisions"}],"wp:featuredmedia":[{"embeddable":true,"href":"https:\/\/www.abchukuk.com\/index.php\/wp-json\/wp\/v2\/media\/4957"}],"wp:attachment":[{"href":"https:\/\/www.abchukuk.com\/index.php\/wp-json\/wp\/v2\/media?parent=4956"}],"wp:term":[{"taxonomy":"category","embeddable":true,"href":"https:\/\/www.abchukuk.com\/index.php\/wp-json\/wp\/v2\/categories?post=4956"},{"taxonomy":"post_tag","embeddable":true,"href":"https:\/\/www.abchukuk.com\/index.php\/wp-json\/wp\/v2\/tags?post=4956"}],"curies":[{"name":"wp","href":"https:\/\/api.w.org\/{rel}","templated":true}]}}