{"id":4954,"date":"2025-09-15T11:29:08","date_gmt":"2025-09-15T11:29:08","guid":{"rendered":"https:\/\/www.abchukuk.com\/index.php\/2025\/09\/15\/mugla-cumhuriyet-bassavcisi-siyah-kusak-aldi\/"},"modified":"2025-09-15T11:29:08","modified_gmt":"2025-09-15T11:29:08","slug":"mugla-cumhuriyet-bassavcisi-siyah-kusak-aldi","status":"publish","type":"post","link":"https:\/\/www.abchukuk.com\/index.php\/2025\/09\/15\/mugla-cumhuriyet-bassavcisi-siyah-kusak-aldi\/","title":{"rendered":"Mu\u011fla Cumhuriyet Ba\u015fsavc\u0131s\u0131 siyah ku\u015fak ald\u0131"},"content":{"rendered":"<p>Mu\u011fla Cumhuriyet Ba\u015fsavc\u0131s\u0131 O\u011fuzhan D\u00f6nmez, 30 y\u0131l aradan sonra ba\u015flad\u0131\u011f\u0131 karate yolculu\u011funu siyah ku\u015fak diplomas\u0131yla ta\u00e7land\u0131rd\u0131.<\/p>\n<p><img fetchpriority=\"high\" decoding=\"async\" class=\"alignnone size-large wp-image-162977\" src=\"https:\/\/www.son.tv\/wp-content\/uploads\/2025\/09\/WhatsApp-Image-2025-09-15-at-13.32.22-2-1024x768.jpeg\" alt=\"\" width=\"1024\" height=\"768\" \/><\/p>\n<p>1991-1995 y\u0131llar\u0131 aras\u0131nda karate yapan, ancak \u00fcniversite y\u0131llar\u0131nda spora ara veren D\u00f6nmez, 2025 y\u0131l\u0131nda o\u011flu Bilgehan ile birlikte yeniden antrenmanlara ba\u015flad\u0131. D\u00f6nmez, siyah ku\u015fak diplomas\u0131n\u0131 Karate Milli Tak\u0131m Antren\u00f6r\u00fc Kadir Y\u0131lmaz\u2019dan ald\u0131.<\/p>\n<p><img decoding=\"async\" class=\"alignnone size-large wp-image-162978\" src=\"https:\/\/www.son.tv\/wp-content\/uploads\/2025\/09\/WhatsApp-Image-2025-09-15-at-13.32.22-1-768x1024.jpeg\" alt=\"\" width=\"768\" height=\"1024\" \/><\/p>\n<p>Mu\u011fla Cumhuriyet Ba\u015fsavc\u0131s\u0131 O\u011fuzhan D\u00f6nmez, 30 y\u0131l aradan sonra ba\u015flad\u0131\u011f\u0131 karate yolculu\u011funu siyah ku\u015fak diplomas\u0131yla ta\u00e7land\u0131rd\u0131.\u00a0<a href=\"https:\/\/www.son.tv\/mugla-cumhuriyet-bassavcisi-siyah-kusak-aldi\/\" target=\"_blank\" class=\"feedzy-rss-link-icon\">Read More<\/a><\/p>","protected":false},"excerpt":{"rendered":"<p>Mu\u011fla Cumhuriyet Ba\u015fsavc\u0131s\u0131 O\u011fuzhan D\u00f6nmez, 30 y\u0131l aradan sonra ba\u015flad\u0131\u011f\u0131 karate yolculu\u011funu siyah ku\u015fak diplomas\u0131yla ta\u00e7land\u0131rd\u0131. 1991-1995 y\u0131llar\u0131 aras\u0131nda karate yapan, ancak \u00fcniversite y\u0131llar\u0131nda spora ara veren D\u00f6nmez, 2025 y\u0131l\u0131nda o\u011flu Bilgehan ile birlikte yeniden antrenmanlara ba\u015flad\u0131. D\u00f6nmez, siyah ku\u015fak diplomas\u0131n\u0131 Karate Milli Tak\u0131m Antren\u00f6r\u00fc Kadir Y\u0131lmaz\u2019dan ald\u0131. Mu\u011fla Cumhuriyet Ba\u015fsavc\u0131s\u0131 O\u011fuzhan D\u00f6nmez, 30 y\u0131l [&hellip;]<\/p>\n","protected":false},"author":1,"featured_media":4955,"comment_status":"open","ping_status":"open","sticky":false,"template":"","format":"standard","meta":{"footnotes":"","_links_to":"","_links_to_target":""},"categories":[1],"tags":[],"class_list":["post-4954","post","type-post","status-publish","format-standard","has-post-thumbnail","hentry","category-haberler"],"_links":{"self":[{"href":"https:\/\/www.abchukuk.com\/index.php\/wp-json\/wp\/v2\/posts\/4954","targetHints":{"allow":["GET"]}}],"collection":[{"href":"https:\/\/www.abchukuk.com\/index.php\/wp-json\/wp\/v2\/posts"}],"about":[{"href":"https:\/\/www.abchukuk.com\/index.php\/wp-json\/wp\/v2\/types\/post"}],"author":[{"embeddable":true,"href":"https:\/\/www.abchukuk.com\/index.php\/wp-json\/wp\/v2\/users\/1"}],"replies":[{"embeddable":true,"href":"https:\/\/www.abchukuk.com\/index.php\/wp-json\/wp\/v2\/comments?post=4954"}],"version-history":[{"count":0,"href":"https:\/\/www.abchukuk.com\/index.php\/wp-json\/wp\/v2\/posts\/4954\/revisions"}],"wp:featuredmedia":[{"embeddable":true,"href":"https:\/\/www.abchukuk.com\/index.php\/wp-json\/wp\/v2\/media\/4955"}],"wp:attachment":[{"href":"https:\/\/www.abchukuk.com\/index.php\/wp-json\/wp\/v2\/media?parent=4954"}],"wp:term":[{"taxonomy":"category","embeddable":true,"href":"https:\/\/www.abchukuk.com\/index.php\/wp-json\/wp\/v2\/categories?post=4954"},{"taxonomy":"post_tag","embeddable":true,"href":"https:\/\/www.abchukuk.com\/index.php\/wp-json\/wp\/v2\/tags?post=4954"}],"curies":[{"name":"wp","href":"https:\/\/api.w.org\/{rel}","templated":true}]}}