{"id":4950,"date":"2025-09-15T10:10:00","date_gmt":"2025-09-15T10:10:00","guid":{"rendered":"https:\/\/www.abchukuk.com\/index.php\/2025\/09\/15\/mahkemede-chp-yonetimine-suc-orgutu-diyen-davaci-avukati-onur-yusuf-uregenin-sedat-peker-ile-fotografi-ortaya-cikti\/"},"modified":"2025-09-15T10:10:00","modified_gmt":"2025-09-15T10:10:00","slug":"mahkemede-chp-yonetimine-suc-orgutu-diyen-davaci-avukati-onur-yusuf-uregenin-sedat-peker-ile-fotografi-ortaya-cikti","status":"publish","type":"post","link":"https:\/\/www.abchukuk.com\/index.php\/2025\/09\/15\/mahkemede-chp-yonetimine-suc-orgutu-diyen-davaci-avukati-onur-yusuf-uregenin-sedat-peker-ile-fotografi-ortaya-cikti\/","title":{"rendered":"Mahkemede CHP y\u00f6netimine &#8216;su\u00e7 \u00f6rg\u00fct\u00fc&#8217; diyen davac\u0131 avukat\u0131 Onur Yusuf \u00dcregen&#8217;in Sedat Peker ile foto\u011fraf\u0131 ortaya \u00e7\u0131kt\u0131"},"content":{"rendered":"<p>CHP&#8217;nin Kurultay iptal davas\u0131nda, davac\u0131lar\u0131n avukat\u0131 Onur Yusuf \u00dcregen, tutuklu Cumhurba\u015fkan\u0131 aday\u0131 Ekrem \u0130mamo\u011flu ve CHP Genel Ba\u015fkan\u0131 \u00d6zg\u00fcr \u00d6zel&#8217;i hedef alarak &#8220;Organize su\u00e7 faaliyeti&#8230;&#8221; yorumunda bulundu. CHP Grup Ba\u015fkanvekili Murat Emir, \u00dcregen&#8217;in Sedat Peker ile foto\u011fraf\u0131n\u0131 ortaya \u00e7\u0131kard\u0131. \u00dcregen ayr\u0131ca Yerli ve Milli Partisi&#8217;nin MKYK \u00fcyeleri aras\u0131nda yer al\u0131yor.CHP&#8217;nin Kurultay iptal davas\u0131nda, davac\u0131lar\u0131n avukat\u0131 Onur Yusuf \u00dcregen, tutuklu Cumhurba\u015fkan\u0131 aday\u0131 Ekrem \u0130mamo\u011flu ve CHP Genel Ba\u015fkan\u0131 \u00d6zg\u00fcr \u00d6zel&#8217;i hedef alarak &#8220;Organize su\u00e7 faaliyeti&#8230;&#8221; yorumunda bulundu. CHP Grup Ba\u015fkanvekili Murat Emir, \u00dcregen&#8217;in Sedat Peker ile foto\u011fraf\u0131n\u0131 ortaya \u00e7\u0131kard\u0131. \u00dcregen ayr\u0131ca Yerli ve Milli Partisi&#8217;nin MKYK \u00fcyeleri aras\u0131nda yer al\u0131yor.\u00a0<a href=\"https:\/\/www.cumhuriyet.com.tr\/turkiye\/mahkemede-chp-yonetimine-suc-orgutu-diyen-davaci-avukati-onur-yusuf-uregen-in-sedat-peker-ile-fotografi-ortaya-cikti-2435245\" target=\"_blank\" class=\"feedzy-rss-link-icon\">Read More<\/a><\/p>","protected":false},"excerpt":{"rendered":"<p>CHP&#8217;nin Kurultay iptal davas\u0131nda, davac\u0131lar\u0131n avukat\u0131 Onur Yusuf \u00dcregen, tutuklu Cumhurba\u015fkan\u0131 aday\u0131 Ekrem \u0130mamo\u011flu ve CHP Genel Ba\u015fkan\u0131 \u00d6zg\u00fcr \u00d6zel&#8217;i hedef alarak &#8220;Organize su\u00e7 faaliyeti&#8230;&#8221; yorumunda bulundu. CHP Grup Ba\u015fkanvekili Murat Emir, \u00dcregen&#8217;in Sedat Peker ile foto\u011fraf\u0131n\u0131 ortaya \u00e7\u0131kard\u0131. \u00dcregen ayr\u0131ca Yerli ve Milli Partisi&#8217;nin MKYK \u00fcyeleri aras\u0131nda yer al\u0131yor.CHP&#8217;nin Kurultay iptal davas\u0131nda, davac\u0131lar\u0131n avukat\u0131 [&hellip;]<\/p>\n","protected":false},"author":1,"featured_media":4951,"comment_status":"open","ping_status":"open","sticky":false,"template":"","format":"standard","meta":{"footnotes":"","_links_to":"","_links_to_target":""},"categories":[1],"tags":[],"class_list":["post-4950","post","type-post","status-publish","format-standard","has-post-thumbnail","hentry","category-haberler"],"_links":{"self":[{"href":"https:\/\/www.abchukuk.com\/index.php\/wp-json\/wp\/v2\/posts\/4950","targetHints":{"allow":["GET"]}}],"collection":[{"href":"https:\/\/www.abchukuk.com\/index.php\/wp-json\/wp\/v2\/posts"}],"about":[{"href":"https:\/\/www.abchukuk.com\/index.php\/wp-json\/wp\/v2\/types\/post"}],"author":[{"embeddable":true,"href":"https:\/\/www.abchukuk.com\/index.php\/wp-json\/wp\/v2\/users\/1"}],"replies":[{"embeddable":true,"href":"https:\/\/www.abchukuk.com\/index.php\/wp-json\/wp\/v2\/comments?post=4950"}],"version-history":[{"count":0,"href":"https:\/\/www.abchukuk.com\/index.php\/wp-json\/wp\/v2\/posts\/4950\/revisions"}],"wp:featuredmedia":[{"embeddable":true,"href":"https:\/\/www.abchukuk.com\/index.php\/wp-json\/wp\/v2\/media\/4951"}],"wp:attachment":[{"href":"https:\/\/www.abchukuk.com\/index.php\/wp-json\/wp\/v2\/media?parent=4950"}],"wp:term":[{"taxonomy":"category","embeddable":true,"href":"https:\/\/www.abchukuk.com\/index.php\/wp-json\/wp\/v2\/categories?post=4950"},{"taxonomy":"post_tag","embeddable":true,"href":"https:\/\/www.abchukuk.com\/index.php\/wp-json\/wp\/v2\/tags?post=4950"}],"curies":[{"name":"wp","href":"https:\/\/api.w.org\/{rel}","templated":true}]}}