{"id":4945,"date":"2025-09-15T10:44:00","date_gmt":"2025-09-15T10:44:00","guid":{"rendered":"https:\/\/www.abchukuk.com\/index.php\/2025\/09\/15\/sessizligi-bozdu-kilicdaroglunun-avukatindan-kurultay-davasi-tepkisi\/"},"modified":"2025-09-15T10:44:00","modified_gmt":"2025-09-15T10:44:00","slug":"sessizligi-bozdu-kilicdaroglunun-avukatindan-kurultay-davasi-tepkisi","status":"publish","type":"post","link":"https:\/\/www.abchukuk.com\/index.php\/2025\/09\/15\/sessizligi-bozdu-kilicdaroglunun-avukatindan-kurultay-davasi-tepkisi\/","title":{"rendered":"Sessizli\u011fi bozdu: K\u0131l\u0131\u00e7daro\u011flu\u2019nun avukat\u0131ndan kurultay davas\u0131 tepkisi"},"content":{"rendered":"<p>CHP\u2019de kurultay\u0131n iptaline ili\u015fkin a\u00e7\u0131lan davalar tart\u0131\u015fma yarat\u0131rken, Kemal K\u0131l\u0131\u00e7daro\u011flu\u2019nun avukat\u0131ndan dikkat \u00e7eken bir a\u00e7\u0131klama geldi. Avukat, \u201cSay\u0131n Genel Ba\u015fkan\u2019\u0131n bu davalarla hi\u00e7bir ilgisi yok. Haks\u0131z ele\u015ftirilerden uzak durulmas\u0131n\u0131 talep ediyoruz\u201d ifadelerini kulland\u0131.CHP\u2019de kurultay\u0131n iptaline ili\u015fkin a\u00e7\u0131lan davalar tart\u0131\u015fma yarat\u0131rken, Kemal K\u0131l\u0131\u00e7daro\u011flu\u2019nun avukat\u0131ndan dikkat \u00e7eken bir a\u00e7\u0131klama geldi. Avukat, \u201cSay\u0131n Genel Ba\u015fkan\u2019\u0131n bu davalarla hi\u00e7bir ilgisi yok. Haks\u0131z ele\u015ftirilerden uzak durulmas\u0131n\u0131 talep ediyoruz\u201d ifadelerini kulland\u0131.\u00a0<a href=\"https:\/\/www.dunya.com\/gundem\/sessizligi-bozdu-kilicdaroglunun-avukatindan-kurultay-davasi-tepkisi-haberi-794160\" target=\"_blank\" class=\"feedzy-rss-link-icon\">Read More<\/a><\/p>","protected":false},"excerpt":{"rendered":"<p>CHP\u2019de kurultay\u0131n iptaline ili\u015fkin a\u00e7\u0131lan davalar tart\u0131\u015fma yarat\u0131rken, Kemal K\u0131l\u0131\u00e7daro\u011flu\u2019nun avukat\u0131ndan dikkat \u00e7eken bir a\u00e7\u0131klama geldi. Avukat, \u201cSay\u0131n Genel Ba\u015fkan\u2019\u0131n bu davalarla hi\u00e7bir ilgisi yok. Haks\u0131z ele\u015ftirilerden uzak durulmas\u0131n\u0131 talep ediyoruz\u201d ifadelerini kulland\u0131.CHP\u2019de kurultay\u0131n iptaline ili\u015fkin a\u00e7\u0131lan davalar tart\u0131\u015fma yarat\u0131rken, Kemal K\u0131l\u0131\u00e7daro\u011flu\u2019nun avukat\u0131ndan dikkat \u00e7eken bir a\u00e7\u0131klama geldi. Avukat, \u201cSay\u0131n Genel Ba\u015fkan\u2019\u0131n bu davalarla hi\u00e7bir [&hellip;]<\/p>\n","protected":false},"author":1,"featured_media":4946,"comment_status":"open","ping_status":"open","sticky":false,"template":"","format":"standard","meta":{"footnotes":"","_links_to":"","_links_to_target":""},"categories":[1],"tags":[],"class_list":["post-4945","post","type-post","status-publish","format-standard","has-post-thumbnail","hentry","category-haberler"],"_links":{"self":[{"href":"https:\/\/www.abchukuk.com\/index.php\/wp-json\/wp\/v2\/posts\/4945","targetHints":{"allow":["GET"]}}],"collection":[{"href":"https:\/\/www.abchukuk.com\/index.php\/wp-json\/wp\/v2\/posts"}],"about":[{"href":"https:\/\/www.abchukuk.com\/index.php\/wp-json\/wp\/v2\/types\/post"}],"author":[{"embeddable":true,"href":"https:\/\/www.abchukuk.com\/index.php\/wp-json\/wp\/v2\/users\/1"}],"replies":[{"embeddable":true,"href":"https:\/\/www.abchukuk.com\/index.php\/wp-json\/wp\/v2\/comments?post=4945"}],"version-history":[{"count":0,"href":"https:\/\/www.abchukuk.com\/index.php\/wp-json\/wp\/v2\/posts\/4945\/revisions"}],"wp:featuredmedia":[{"embeddable":true,"href":"https:\/\/www.abchukuk.com\/index.php\/wp-json\/wp\/v2\/media\/4946"}],"wp:attachment":[{"href":"https:\/\/www.abchukuk.com\/index.php\/wp-json\/wp\/v2\/media?parent=4945"}],"wp:term":[{"taxonomy":"category","embeddable":true,"href":"https:\/\/www.abchukuk.com\/index.php\/wp-json\/wp\/v2\/categories?post=4945"},{"taxonomy":"post_tag","embeddable":true,"href":"https:\/\/www.abchukuk.com\/index.php\/wp-json\/wp\/v2\/tags?post=4945"}],"curies":[{"name":"wp","href":"https:\/\/api.w.org\/{rel}","templated":true}]}}