{"id":4943,"date":"2025-09-15T11:02:00","date_gmt":"2025-09-15T11:02:00","guid":{"rendered":"https:\/\/www.abchukuk.com\/index.php\/2025\/09\/15\/imam-hatibe-cevrilen-ismail-tarman-ortaokulu-velilerinden-bakanliga-cagri-mahkeme-kararlari-uygulansin\/"},"modified":"2025-09-15T11:02:00","modified_gmt":"2025-09-15T11:02:00","slug":"imam-hatibe-cevrilen-ismail-tarman-ortaokulu-velilerinden-bakanliga-cagri-mahkeme-kararlari-uygulansin","status":"publish","type":"post","link":"https:\/\/www.abchukuk.com\/index.php\/2025\/09\/15\/imam-hatibe-cevrilen-ismail-tarman-ortaokulu-velilerinden-bakanliga-cagri-mahkeme-kararlari-uygulansin\/","title":{"rendered":"\u0130mam hatibe \u00e7evrilen \u0130smail Tarman Ortaokulu velilerinden bakanl\u0131\u011fa \u00e7a\u011fr\u0131: &#8216;Mahkeme kararlar\u0131 uygulans\u0131n&#8217;"},"content":{"rendered":"<p>Be\u015fikta\u015f\u2019ta imam hatip ortaokuluna d\u00f6n\u00fc\u015ft\u00fcr\u00fclen \u0130smail Tarman Ortaokulu&#8217;nun normal ortaokul olarak yeniden a\u00e7\u0131lmas\u0131 isteyen veliler ve Konaklar Mahallesi sakinleri mahkeme karar\u0131na ra\u011fmen okulun, eskisi gibi ortaokula d\u00f6n\u00fc\u015ft\u00fcr\u00fclmemesine tepki g\u00f6sterdi.Be\u015fikta\u015f\u2019ta imam hatip ortaokuluna d\u00f6n\u00fc\u015ft\u00fcr\u00fclen \u0130smail Tarman Ortaokulu&#8217;nun normal ortaokul olarak yeniden a\u00e7\u0131lmas\u0131 isteyen veliler ve Konaklar Mahallesi sakinleri mahkeme karar\u0131na ra\u011fmen okulun, eskisi gibi ortaokula d\u00f6n\u00fc\u015ft\u00fcr\u00fclmemesine tepki g\u00f6sterdi.\u00a0<a href=\"https:\/\/www.cumhuriyet.com.tr\/egitim\/imam-hatibe-cevrilen-ismail-tarman-ortaokulu-velilerinden-bakanliga-cagri-mahkeme-kararlari-uygulansin-2435262\" target=\"_blank\" class=\"feedzy-rss-link-icon\">Read More<\/a><\/p>","protected":false},"excerpt":{"rendered":"<p>Be\u015fikta\u015f\u2019ta imam hatip ortaokuluna d\u00f6n\u00fc\u015ft\u00fcr\u00fclen \u0130smail Tarman Ortaokulu&#8217;nun normal ortaokul olarak yeniden a\u00e7\u0131lmas\u0131 isteyen veliler ve Konaklar Mahallesi sakinleri mahkeme karar\u0131na ra\u011fmen okulun, eskisi gibi ortaokula d\u00f6n\u00fc\u015ft\u00fcr\u00fclmemesine tepki g\u00f6sterdi.Be\u015fikta\u015f\u2019ta imam hatip ortaokuluna d\u00f6n\u00fc\u015ft\u00fcr\u00fclen \u0130smail Tarman Ortaokulu&#8217;nun normal ortaokul olarak yeniden a\u00e7\u0131lmas\u0131 isteyen veliler ve Konaklar Mahallesi sakinleri mahkeme karar\u0131na ra\u011fmen okulun, eskisi gibi ortaokula d\u00f6n\u00fc\u015ft\u00fcr\u00fclmemesine [&hellip;]<\/p>\n","protected":false},"author":1,"featured_media":4944,"comment_status":"open","ping_status":"open","sticky":false,"template":"","format":"standard","meta":{"footnotes":"","_links_to":"","_links_to_target":""},"categories":[1],"tags":[],"class_list":["post-4943","post","type-post","status-publish","format-standard","has-post-thumbnail","hentry","category-haberler"],"_links":{"self":[{"href":"https:\/\/www.abchukuk.com\/index.php\/wp-json\/wp\/v2\/posts\/4943","targetHints":{"allow":["GET"]}}],"collection":[{"href":"https:\/\/www.abchukuk.com\/index.php\/wp-json\/wp\/v2\/posts"}],"about":[{"href":"https:\/\/www.abchukuk.com\/index.php\/wp-json\/wp\/v2\/types\/post"}],"author":[{"embeddable":true,"href":"https:\/\/www.abchukuk.com\/index.php\/wp-json\/wp\/v2\/users\/1"}],"replies":[{"embeddable":true,"href":"https:\/\/www.abchukuk.com\/index.php\/wp-json\/wp\/v2\/comments?post=4943"}],"version-history":[{"count":0,"href":"https:\/\/www.abchukuk.com\/index.php\/wp-json\/wp\/v2\/posts\/4943\/revisions"}],"wp:featuredmedia":[{"embeddable":true,"href":"https:\/\/www.abchukuk.com\/index.php\/wp-json\/wp\/v2\/media\/4944"}],"wp:attachment":[{"href":"https:\/\/www.abchukuk.com\/index.php\/wp-json\/wp\/v2\/media?parent=4943"}],"wp:term":[{"taxonomy":"category","embeddable":true,"href":"https:\/\/www.abchukuk.com\/index.php\/wp-json\/wp\/v2\/categories?post=4943"},{"taxonomy":"post_tag","embeddable":true,"href":"https:\/\/www.abchukuk.com\/index.php\/wp-json\/wp\/v2\/tags?post=4943"}],"curies":[{"name":"wp","href":"https:\/\/api.w.org\/{rel}","templated":true}]}}