{"id":4941,"date":"2025-09-15T09:11:00","date_gmt":"2025-09-15T09:11:00","guid":{"rendered":"https:\/\/www.abchukuk.com\/index.php\/2025\/09\/15\/akbelende-zeytin-kiyimi-danistaydan-acil-yurutmeyi-durdurma-istendi\/"},"modified":"2025-09-15T09:11:00","modified_gmt":"2025-09-15T09:11:00","slug":"akbelende-zeytin-kiyimi-danistaydan-acil-yurutmeyi-durdurma-istendi","status":"publish","type":"post","link":"https:\/\/www.abchukuk.com\/index.php\/2025\/09\/15\/akbelende-zeytin-kiyimi-danistaydan-acil-yurutmeyi-durdurma-istendi\/","title":{"rendered":"Akbelen&#8217;de zeytin k\u0131y\u0131m\u0131: Dan\u0131\u015ftay&#8217;dan acil y\u00fcr\u00fctmeyi durdurma istendi!"},"content":{"rendered":"<p>Mu\u011fla\u2019n\u0131n Akbelen K\u00f6y\u00fc\u2019nde zeytin a\u011fa\u00e7lar\u0131n\u0131n s\u00f6k\u00fcm\u00fcne ba\u015flanmas\u0131 \u00fczerine k\u00f6yl\u00fcler ve avukatlar\u0131 harekete ge\u00e7ti. Zeytinliklerin ta\u015f\u0131nmas\u0131na imkan tan\u0131yan torba yasayla getirilen d\u00fczenlemenin uygulanmas\u0131 i\u00e7in haz\u0131rlanan i\u015fleme kar\u015f\u0131 yakla\u015f\u0131k 10 k\u00f6yden 77 yurtta\u015f ad\u0131na a\u00e7\u0131lan davada, avukatlar Dan\u0131\u015ftay\u2019da acil y\u00fcr\u00fctmeyi durdurma ba\u015fvurusunda bulundu.Mu\u011fla\u2019n\u0131n Akbelen K\u00f6y\u00fc\u2019nde zeytin a\u011fa\u00e7lar\u0131n\u0131n s\u00f6k\u00fcm\u00fcne ba\u015flanmas\u0131 \u00fczerine k\u00f6yl\u00fcler ve avukatlar\u0131 harekete ge\u00e7ti. Zeytinliklerin ta\u015f\u0131nmas\u0131na imkan tan\u0131yan torba yasayla getirilen d\u00fczenlemenin uygulanmas\u0131 i\u00e7in haz\u0131rlanan i\u015fleme kar\u015f\u0131 yakla\u015f\u0131k 10 k\u00f6yden 77 yurtta\u015f ad\u0131na a\u00e7\u0131lan davada, avukatlar Dan\u0131\u015ftay\u2019da acil y\u00fcr\u00fctmeyi durdurma ba\u015fvurusunda bulundu.\u00a0<a href=\"https:\/\/www.cumhuriyet.com.tr\/siyaset\/akbelen-de-zeytin-kiyimi-danistay-dan-acil-yurutmeyi-durdurma-istendi-2435225\" target=\"_blank\" class=\"feedzy-rss-link-icon\">Read More<\/a><\/p>","protected":false},"excerpt":{"rendered":"<p>Mu\u011fla\u2019n\u0131n Akbelen K\u00f6y\u00fc\u2019nde zeytin a\u011fa\u00e7lar\u0131n\u0131n s\u00f6k\u00fcm\u00fcne ba\u015flanmas\u0131 \u00fczerine k\u00f6yl\u00fcler ve avukatlar\u0131 harekete ge\u00e7ti. Zeytinliklerin ta\u015f\u0131nmas\u0131na imkan tan\u0131yan torba yasayla getirilen d\u00fczenlemenin uygulanmas\u0131 i\u00e7in haz\u0131rlanan i\u015fleme kar\u015f\u0131 yakla\u015f\u0131k 10 k\u00f6yden 77 yurtta\u015f ad\u0131na a\u00e7\u0131lan davada, avukatlar Dan\u0131\u015ftay\u2019da acil y\u00fcr\u00fctmeyi durdurma ba\u015fvurusunda bulundu.Mu\u011fla\u2019n\u0131n Akbelen K\u00f6y\u00fc\u2019nde zeytin a\u011fa\u00e7lar\u0131n\u0131n s\u00f6k\u00fcm\u00fcne ba\u015flanmas\u0131 \u00fczerine k\u00f6yl\u00fcler ve avukatlar\u0131 harekete ge\u00e7ti. Zeytinliklerin ta\u015f\u0131nmas\u0131na [&hellip;]<\/p>\n","protected":false},"author":1,"featured_media":4942,"comment_status":"open","ping_status":"open","sticky":false,"template":"","format":"standard","meta":{"footnotes":"","_links_to":"","_links_to_target":""},"categories":[1],"tags":[],"class_list":["post-4941","post","type-post","status-publish","format-standard","has-post-thumbnail","hentry","category-haberler"],"_links":{"self":[{"href":"https:\/\/www.abchukuk.com\/index.php\/wp-json\/wp\/v2\/posts\/4941","targetHints":{"allow":["GET"]}}],"collection":[{"href":"https:\/\/www.abchukuk.com\/index.php\/wp-json\/wp\/v2\/posts"}],"about":[{"href":"https:\/\/www.abchukuk.com\/index.php\/wp-json\/wp\/v2\/types\/post"}],"author":[{"embeddable":true,"href":"https:\/\/www.abchukuk.com\/index.php\/wp-json\/wp\/v2\/users\/1"}],"replies":[{"embeddable":true,"href":"https:\/\/www.abchukuk.com\/index.php\/wp-json\/wp\/v2\/comments?post=4941"}],"version-history":[{"count":0,"href":"https:\/\/www.abchukuk.com\/index.php\/wp-json\/wp\/v2\/posts\/4941\/revisions"}],"wp:featuredmedia":[{"embeddable":true,"href":"https:\/\/www.abchukuk.com\/index.php\/wp-json\/wp\/v2\/media\/4942"}],"wp:attachment":[{"href":"https:\/\/www.abchukuk.com\/index.php\/wp-json\/wp\/v2\/media?parent=4941"}],"wp:term":[{"taxonomy":"category","embeddable":true,"href":"https:\/\/www.abchukuk.com\/index.php\/wp-json\/wp\/v2\/categories?post=4941"},{"taxonomy":"post_tag","embeddable":true,"href":"https:\/\/www.abchukuk.com\/index.php\/wp-json\/wp\/v2\/tags?post=4941"}],"curies":[{"name":"wp","href":"https:\/\/api.w.org\/{rel}","templated":true}]}}