{"id":4939,"date":"2025-09-15T09:28:00","date_gmt":"2025-09-15T09:28:00","guid":{"rendered":"https:\/\/www.abchukuk.com\/index.php\/2025\/09\/15\/yargitaydan-sifir-arac-sahiplerini-ilgilendiren-emsal-karar\/"},"modified":"2025-09-15T09:28:00","modified_gmt":"2025-09-15T09:28:00","slug":"yargitaydan-sifir-arac-sahiplerini-ilgilendiren-emsal-karar","status":"publish","type":"post","link":"https:\/\/www.abchukuk.com\/index.php\/2025\/09\/15\/yargitaydan-sifir-arac-sahiplerini-ilgilendiren-emsal-karar\/","title":{"rendered":"Yarg\u0131tay&#8217;dan s\u0131f\u0131r ara\u00e7 sahiplerini ilgilendiren emsal karar"},"content":{"rendered":"<p>Yarg\u0131tay 3. Hukuk Dairesi, s\u0131f\u0131r ara\u00e7 alanlar\u0131 g\u00fcvence alt\u0131na alan emsal bir karara imza att\u0131. Yarg\u0131tay 3. Hukuk Dairesi, &#8220;EDC tip \u00e7ift kavramal\u0131 vites kutusu ar\u0131zalar\u0131n\u0131n \u00fcretimden kaynakland\u0131\u011f\u0131 ve de\u011fi\u015fimi yap\u0131lmas\u0131na ra\u011fmen giderilemedi\u011fi g\u00f6zetildi\u011finde misli ile de\u011fi\u015fimine karar verilmesi gerekir&#8221; dedi.Yarg\u0131tay 3. Hukuk Dairesi, s\u0131f\u0131r ara\u00e7 alanlar\u0131 g\u00fcvence alt\u0131na alan emsal bir karara imza att\u0131. Yarg\u0131tay 3. Hukuk Dairesi, &#8220;EDC tip \u00e7ift kavramal\u0131 vites kutusu ar\u0131zalar\u0131n\u0131n \u00fcretimden kaynakland\u0131\u011f\u0131 ve de\u011fi\u015fimi yap\u0131lmas\u0131na ra\u011fmen giderilemedi\u011fi g\u00f6zetildi\u011finde misli ile de\u011fi\u015fimine karar verilmesi gerekir&#8221; dedi.\u00a0<a href=\"https:\/\/www.dunya.com\/gundem\/yargitaydan-sifir-arac-sahiplerini-ilgilendiren-emsal-karar-haberi-794148\" target=\"_blank\" class=\"feedzy-rss-link-icon\">Read More<\/a><\/p>","protected":false},"excerpt":{"rendered":"<p>Yarg\u0131tay 3. Hukuk Dairesi, s\u0131f\u0131r ara\u00e7 alanlar\u0131 g\u00fcvence alt\u0131na alan emsal bir karara imza att\u0131. Yarg\u0131tay 3. Hukuk Dairesi, &#8220;EDC tip \u00e7ift kavramal\u0131 vites kutusu ar\u0131zalar\u0131n\u0131n \u00fcretimden kaynakland\u0131\u011f\u0131 ve de\u011fi\u015fimi yap\u0131lmas\u0131na ra\u011fmen giderilemedi\u011fi g\u00f6zetildi\u011finde misli ile de\u011fi\u015fimine karar verilmesi gerekir&#8221; dedi.Yarg\u0131tay 3. Hukuk Dairesi, s\u0131f\u0131r ara\u00e7 alanlar\u0131 g\u00fcvence alt\u0131na alan emsal bir karara imza att\u0131. [&hellip;]<\/p>\n","protected":false},"author":1,"featured_media":4940,"comment_status":"open","ping_status":"open","sticky":false,"template":"","format":"standard","meta":{"footnotes":"","_links_to":"","_links_to_target":""},"categories":[1],"tags":[],"class_list":["post-4939","post","type-post","status-publish","format-standard","has-post-thumbnail","hentry","category-haberler"],"_links":{"self":[{"href":"https:\/\/www.abchukuk.com\/index.php\/wp-json\/wp\/v2\/posts\/4939","targetHints":{"allow":["GET"]}}],"collection":[{"href":"https:\/\/www.abchukuk.com\/index.php\/wp-json\/wp\/v2\/posts"}],"about":[{"href":"https:\/\/www.abchukuk.com\/index.php\/wp-json\/wp\/v2\/types\/post"}],"author":[{"embeddable":true,"href":"https:\/\/www.abchukuk.com\/index.php\/wp-json\/wp\/v2\/users\/1"}],"replies":[{"embeddable":true,"href":"https:\/\/www.abchukuk.com\/index.php\/wp-json\/wp\/v2\/comments?post=4939"}],"version-history":[{"count":0,"href":"https:\/\/www.abchukuk.com\/index.php\/wp-json\/wp\/v2\/posts\/4939\/revisions"}],"wp:featuredmedia":[{"embeddable":true,"href":"https:\/\/www.abchukuk.com\/index.php\/wp-json\/wp\/v2\/media\/4940"}],"wp:attachment":[{"href":"https:\/\/www.abchukuk.com\/index.php\/wp-json\/wp\/v2\/media?parent=4939"}],"wp:term":[{"taxonomy":"category","embeddable":true,"href":"https:\/\/www.abchukuk.com\/index.php\/wp-json\/wp\/v2\/categories?post=4939"},{"taxonomy":"post_tag","embeddable":true,"href":"https:\/\/www.abchukuk.com\/index.php\/wp-json\/wp\/v2\/tags?post=4939"}],"curies":[{"name":"wp","href":"https:\/\/api.w.org\/{rel}","templated":true}]}}