{"id":4934,"date":"2025-09-15T09:56:00","date_gmt":"2025-09-15T09:56:00","guid":{"rendered":"https:\/\/www.abchukuk.com\/index.php\/2025\/09\/15\/hkpden-gozaltina-alinan-nurullah-efe-ankut-ile-ilgili-yeni-aciklama-yoneltilen-suclama-belli-oldu\/"},"modified":"2025-09-15T09:56:00","modified_gmt":"2025-09-15T09:56:00","slug":"hkpden-gozaltina-alinan-nurullah-efe-ankut-ile-ilgili-yeni-aciklama-yoneltilen-suclama-belli-oldu","status":"publish","type":"post","link":"https:\/\/www.abchukuk.com\/index.php\/2025\/09\/15\/hkpden-gozaltina-alinan-nurullah-efe-ankut-ile-ilgili-yeni-aciklama-yoneltilen-suclama-belli-oldu\/","title":{"rendered":"HKP&#8217;den, g\u00f6zalt\u0131na al\u0131nan Nurullah Efe Ankut ile ilgili yeni a\u00e7\u0131klama: Y\u00f6neltilen su\u00e7lama belli oldu!"},"content":{"rendered":"<p>Halk\u0131n Kurtulu\u015f Partisi (HKP), d\u00fcn gece g\u00f6zalt\u0131na al\u0131nan Genel Ba\u015fkan Nurullah Efe Ankut&#8217;un Emniyet&#8217;te ifade verdi\u011fini, ayr\u0131nt\u0131l\u0131 savc\u0131l\u0131k ifadesini ise \u00c7a\u011flayan Adliyesi&#8217;nde verece\u011fini duyurdu. \u00d6te yandan HKP&#8217;den bir a\u00e7\u0131klama da yap\u0131ld\u0131.Halk\u0131n Kurtulu\u015f Partisi (HKP), d\u00fcn gece g\u00f6zalt\u0131na al\u0131nan Genel Ba\u015fkan Nurullah Efe Ankut&#8217;un Emniyet&#8217;te ifade verdi\u011fini, ayr\u0131nt\u0131l\u0131 savc\u0131l\u0131k ifadesini ise \u00c7a\u011flayan Adliyesi&#8217;nde verece\u011fini duyurdu. \u00d6te yandan HKP&#8217;den bir a\u00e7\u0131klama da yap\u0131ld\u0131.\u00a0<a href=\"https:\/\/www.cumhuriyet.com.tr\/siyaset\/hkp-den-gozaltina-alinan-nurullah-efe-ankut-ile-ilgili-yeni-aciklama-yoneltilen-suclama-belli-oldu-2435242\" target=\"_blank\" class=\"feedzy-rss-link-icon\">Read More<\/a><\/p>","protected":false},"excerpt":{"rendered":"<p>Halk\u0131n Kurtulu\u015f Partisi (HKP), d\u00fcn gece g\u00f6zalt\u0131na al\u0131nan Genel Ba\u015fkan Nurullah Efe Ankut&#8217;un Emniyet&#8217;te ifade verdi\u011fini, ayr\u0131nt\u0131l\u0131 savc\u0131l\u0131k ifadesini ise \u00c7a\u011flayan Adliyesi&#8217;nde verece\u011fini duyurdu. \u00d6te yandan HKP&#8217;den bir a\u00e7\u0131klama da yap\u0131ld\u0131.Halk\u0131n Kurtulu\u015f Partisi (HKP), d\u00fcn gece g\u00f6zalt\u0131na al\u0131nan Genel Ba\u015fkan Nurullah Efe Ankut&#8217;un Emniyet&#8217;te ifade verdi\u011fini, ayr\u0131nt\u0131l\u0131 savc\u0131l\u0131k ifadesini ise \u00c7a\u011flayan Adliyesi&#8217;nde verece\u011fini duyurdu. \u00d6te [&hellip;]<\/p>\n","protected":false},"author":1,"featured_media":4935,"comment_status":"open","ping_status":"open","sticky":false,"template":"","format":"standard","meta":{"footnotes":"","_links_to":"","_links_to_target":""},"categories":[1],"tags":[],"class_list":["post-4934","post","type-post","status-publish","format-standard","has-post-thumbnail","hentry","category-haberler"],"_links":{"self":[{"href":"https:\/\/www.abchukuk.com\/index.php\/wp-json\/wp\/v2\/posts\/4934","targetHints":{"allow":["GET"]}}],"collection":[{"href":"https:\/\/www.abchukuk.com\/index.php\/wp-json\/wp\/v2\/posts"}],"about":[{"href":"https:\/\/www.abchukuk.com\/index.php\/wp-json\/wp\/v2\/types\/post"}],"author":[{"embeddable":true,"href":"https:\/\/www.abchukuk.com\/index.php\/wp-json\/wp\/v2\/users\/1"}],"replies":[{"embeddable":true,"href":"https:\/\/www.abchukuk.com\/index.php\/wp-json\/wp\/v2\/comments?post=4934"}],"version-history":[{"count":0,"href":"https:\/\/www.abchukuk.com\/index.php\/wp-json\/wp\/v2\/posts\/4934\/revisions"}],"wp:featuredmedia":[{"embeddable":true,"href":"https:\/\/www.abchukuk.com\/index.php\/wp-json\/wp\/v2\/media\/4935"}],"wp:attachment":[{"href":"https:\/\/www.abchukuk.com\/index.php\/wp-json\/wp\/v2\/media?parent=4934"}],"wp:term":[{"taxonomy":"category","embeddable":true,"href":"https:\/\/www.abchukuk.com\/index.php\/wp-json\/wp\/v2\/categories?post=4934"},{"taxonomy":"post_tag","embeddable":true,"href":"https:\/\/www.abchukuk.com\/index.php\/wp-json\/wp\/v2\/tags?post=4934"}],"curies":[{"name":"wp","href":"https:\/\/api.w.org\/{rel}","templated":true}]}}