{"id":4932,"date":"2025-09-15T07:57:40","date_gmt":"2025-09-15T07:57:40","guid":{"rendered":"https:\/\/www.abchukuk.com\/index.php\/2025\/09\/15\/chp-beykoz-genclik-kollari-baskani-emre-mert-kilic-gozaltina-alindi\/"},"modified":"2025-09-15T07:57:40","modified_gmt":"2025-09-15T07:57:40","slug":"chp-beykoz-genclik-kollari-baskani-emre-mert-kilic-gozaltina-alindi","status":"publish","type":"post","link":"https:\/\/www.abchukuk.com\/index.php\/2025\/09\/15\/chp-beykoz-genclik-kollari-baskani-emre-mert-kilic-gozaltina-alindi\/","title":{"rendered":"CHP Beykoz Gen\u00e7lik Kollar\u0131 Ba\u015fkan\u0131 Emre Mert K\u0131l\u0131\u00e7 G\u00f6zalt\u0131na Al\u0131nd\u0131"},"content":{"rendered":"<p><a href=\"https:\/\/www.gercekgundem.com\/siyaset\/chp-beykoz-genclik-kollari-baskani-emre-mert-kilic-gozaltina-alindi-555361\"><br \/>\n                                                            <img decoding=\"async\" src=\"https:\/\/i.gercekgundem.com\/2\/150\/84\/storage\/files\/images\/2025\/09\/15\/chp-beykoz-genclik-kollari-baskani-emre-mert-kilic-gozaltina-alindi-kdly.jpg\" width=\"150\" height=\"84\" border=\"0\" align=\"right\" \/><br \/>\n                                                    <\/a><\/p>\n<h4>CHP Beykoz Gen\u00e7lik Kollar\u0131 Ba\u015fkan\u0131 Emre Mert K\u0131l\u0131\u00e7, AKP&#8217;ye ge\u00e7en Beykoz Belediye Ba\u015fkan Vekili G\u00fcrzel\u2019e sosyal medya \u00fczerinden hakaret etti\u011fi iddias\u0131yla g\u00f6zalt\u0131na al\u0131nd\u0131.<\/h4>\n<p>CHP Beykoz Gen\u00e7lik Kollar\u0131 Ba\u015fkan\u0131 Emre Mert K\u0131l\u0131\u00e7, AKP&#8217;ye ge\u00e7en Beykoz Belediye Ba\u015fkan Vekili G\u00fcrzel\u2019e sosyal medya \u00fczerinden hakaret etti\u011fi iddias\u0131yla g\u00f6zalt\u0131na al\u0131nd\u0131.\u00a0<a href=\"https:\/\/www.gercekgundem.com\/siyaset\/chp-beykoz-genclik-kollari-baskani-emre-mert-kilic-gozaltina-alindi-555361\" target=\"_blank\" class=\"feedzy-rss-link-icon\">Read More<\/a><\/p>","protected":false},"excerpt":{"rendered":"<p>CHP Beykoz Gen\u00e7lik Kollar\u0131 Ba\u015fkan\u0131 Emre Mert K\u0131l\u0131\u00e7, AKP&#8217;ye ge\u00e7en Beykoz Belediye Ba\u015fkan Vekili G\u00fcrzel\u2019e sosyal medya \u00fczerinden hakaret etti\u011fi iddias\u0131yla g\u00f6zalt\u0131na al\u0131nd\u0131. CHP Beykoz Gen\u00e7lik Kollar\u0131 Ba\u015fkan\u0131 Emre Mert K\u0131l\u0131\u00e7, AKP&#8217;ye ge\u00e7en Beykoz Belediye Ba\u015fkan Vekili G\u00fcrzel\u2019e sosyal medya \u00fczerinden hakaret etti\u011fi iddias\u0131yla g\u00f6zalt\u0131na al\u0131nd\u0131.\u00a0Read More<\/p>\n","protected":false},"author":1,"featured_media":4933,"comment_status":"open","ping_status":"open","sticky":false,"template":"","format":"standard","meta":{"footnotes":"","_links_to":"","_links_to_target":""},"categories":[1],"tags":[],"class_list":["post-4932","post","type-post","status-publish","format-standard","has-post-thumbnail","hentry","category-haberler"],"_links":{"self":[{"href":"https:\/\/www.abchukuk.com\/index.php\/wp-json\/wp\/v2\/posts\/4932","targetHints":{"allow":["GET"]}}],"collection":[{"href":"https:\/\/www.abchukuk.com\/index.php\/wp-json\/wp\/v2\/posts"}],"about":[{"href":"https:\/\/www.abchukuk.com\/index.php\/wp-json\/wp\/v2\/types\/post"}],"author":[{"embeddable":true,"href":"https:\/\/www.abchukuk.com\/index.php\/wp-json\/wp\/v2\/users\/1"}],"replies":[{"embeddable":true,"href":"https:\/\/www.abchukuk.com\/index.php\/wp-json\/wp\/v2\/comments?post=4932"}],"version-history":[{"count":0,"href":"https:\/\/www.abchukuk.com\/index.php\/wp-json\/wp\/v2\/posts\/4932\/revisions"}],"wp:featuredmedia":[{"embeddable":true,"href":"https:\/\/www.abchukuk.com\/index.php\/wp-json\/wp\/v2\/media\/4933"}],"wp:attachment":[{"href":"https:\/\/www.abchukuk.com\/index.php\/wp-json\/wp\/v2\/media?parent=4932"}],"wp:term":[{"taxonomy":"category","embeddable":true,"href":"https:\/\/www.abchukuk.com\/index.php\/wp-json\/wp\/v2\/categories?post=4932"},{"taxonomy":"post_tag","embeddable":true,"href":"https:\/\/www.abchukuk.com\/index.php\/wp-json\/wp\/v2\/tags?post=4932"}],"curies":[{"name":"wp","href":"https:\/\/api.w.org\/{rel}","templated":true}]}}