{"id":4929,"date":"2025-09-15T08:14:04","date_gmt":"2025-09-15T08:14:04","guid":{"rendered":"https:\/\/www.abchukuk.com\/index.php\/2025\/09\/15\/guney-kore-abddeki-fabrikada-gozalti-sirasinda-vatandaslarina-yonelik-insan-haklari-ihlalini-arastiracak\/"},"modified":"2025-09-15T08:14:04","modified_gmt":"2025-09-15T08:14:04","slug":"guney-kore-abddeki-fabrikada-gozalti-sirasinda-vatandaslarina-yonelik-insan-haklari-ihlalini-arastiracak","status":"publish","type":"post","link":"https:\/\/www.abchukuk.com\/index.php\/2025\/09\/15\/guney-kore-abddeki-fabrikada-gozalti-sirasinda-vatandaslarina-yonelik-insan-haklari-ihlalini-arastiracak\/","title":{"rendered":"G\u00fcney Kore, ABD&#8217;deki fabrikada g\u00f6zalt\u0131 s\u0131ras\u0131nda vatanda\u015flar\u0131na y\u00f6nelik insan haklar\u0131 ihlalini ara\u015ft\u0131racak"},"content":{"rendered":"<p>G\u00fcney Kore, ABD&#8217;de G\u00f6\u00e7menlik ve G\u00fcmr\u00fck Muhafaza (ICE) birimlerinin bask\u0131n\u0131nda g\u00f6zalt\u0131na al\u0131nan 300&#8217;den fazla vatanda\u015flar\u0131n\u0131n \u00fclkeye d\u00f6nmesinin ard\u0131ndan, s\u00fcre\u00e7teki olas\u0131 insan haklar\u0131 ihlallerini ara\u015ft\u0131racak.G\u00fcney Kore, ABD&#8217;de G\u00f6\u00e7menlik ve G\u00fcmr\u00fck Muhafaza (ICE) birimlerinin bask\u0131n\u0131nda g\u00f6zalt\u0131na al\u0131nan 300&#8217;den fazla vatanda\u015flar\u0131n\u0131n \u00fclkeye d\u00f6nmesinin ard\u0131ndan, s\u00fcre\u00e7teki olas\u0131 insan haklar\u0131 ihlallerini ara\u015ft\u0131racak.\u00a0<a href=\"https:\/\/anlatilaninotesi.com.tr\/20250915\/guney-kore-abddeki-fabrikada-gozalti-sirasinda-vatandaslarina-yonelik-insan-haklari-ihlalini-1099372324.html\" target=\"_blank\" class=\"feedzy-rss-link-icon\">Read More<\/a><\/p>","protected":false},"excerpt":{"rendered":"<p>G\u00fcney Kore, ABD&#8217;de G\u00f6\u00e7menlik ve G\u00fcmr\u00fck Muhafaza (ICE) birimlerinin bask\u0131n\u0131nda g\u00f6zalt\u0131na al\u0131nan 300&#8217;den fazla vatanda\u015flar\u0131n\u0131n \u00fclkeye d\u00f6nmesinin ard\u0131ndan, s\u00fcre\u00e7teki olas\u0131 insan haklar\u0131 ihlallerini ara\u015ft\u0131racak.G\u00fcney Kore, ABD&#8217;de G\u00f6\u00e7menlik ve G\u00fcmr\u00fck Muhafaza (ICE) birimlerinin bask\u0131n\u0131nda g\u00f6zalt\u0131na al\u0131nan 300&#8217;den fazla vatanda\u015flar\u0131n\u0131n \u00fclkeye d\u00f6nmesinin ard\u0131ndan, s\u00fcre\u00e7teki olas\u0131 insan haklar\u0131 ihlallerini ara\u015ft\u0131racak.\u00a0Read More<\/p>\n","protected":false},"author":1,"featured_media":0,"comment_status":"open","ping_status":"open","sticky":false,"template":"","format":"standard","meta":{"footnotes":"","_links_to":"","_links_to_target":""},"categories":[1],"tags":[],"class_list":["post-4929","post","type-post","status-publish","format-standard","hentry","category-haberler"],"_links":{"self":[{"href":"https:\/\/www.abchukuk.com\/index.php\/wp-json\/wp\/v2\/posts\/4929","targetHints":{"allow":["GET"]}}],"collection":[{"href":"https:\/\/www.abchukuk.com\/index.php\/wp-json\/wp\/v2\/posts"}],"about":[{"href":"https:\/\/www.abchukuk.com\/index.php\/wp-json\/wp\/v2\/types\/post"}],"author":[{"embeddable":true,"href":"https:\/\/www.abchukuk.com\/index.php\/wp-json\/wp\/v2\/users\/1"}],"replies":[{"embeddable":true,"href":"https:\/\/www.abchukuk.com\/index.php\/wp-json\/wp\/v2\/comments?post=4929"}],"version-history":[{"count":0,"href":"https:\/\/www.abchukuk.com\/index.php\/wp-json\/wp\/v2\/posts\/4929\/revisions"}],"wp:attachment":[{"href":"https:\/\/www.abchukuk.com\/index.php\/wp-json\/wp\/v2\/media?parent=4929"}],"wp:term":[{"taxonomy":"category","embeddable":true,"href":"https:\/\/www.abchukuk.com\/index.php\/wp-json\/wp\/v2\/categories?post=4929"},{"taxonomy":"post_tag","embeddable":true,"href":"https:\/\/www.abchukuk.com\/index.php\/wp-json\/wp\/v2\/tags?post=4929"}],"curies":[{"name":"wp","href":"https:\/\/api.w.org\/{rel}","templated":true}]}}