{"id":4919,"date":"2025-09-15T07:16:09","date_gmt":"2025-09-15T07:16:09","guid":{"rendered":"https:\/\/www.abchukuk.com\/index.php\/2025\/09\/15\/hskda-kulisler-hareketli-anadolu-bassavciligi-icin-yeni-isim\/"},"modified":"2025-09-15T07:16:09","modified_gmt":"2025-09-15T07:16:09","slug":"hskda-kulisler-hareketli-anadolu-bassavciligi-icin-yeni-isim","status":"publish","type":"post","link":"https:\/\/www.abchukuk.com\/index.php\/2025\/09\/15\/hskda-kulisler-hareketli-anadolu-bassavciligi-icin-yeni-isim\/","title":{"rendered":"HSK\u2019da Kulisler Hareketli: Anadolu Ba\u015fsavc\u0131l\u0131\u011f\u0131 \u0130\u00e7in Yeni \u0130sim!"},"content":{"rendered":"<p>SONTV <\/p>\n<p class=\"p1\">Hakimler ve Savc\u0131lar Kurulu\u2019nda (HSK) bug\u00fcn yap\u0131lacak kritik toplant\u0131 \u00f6ncesi kulisler iyice hareketlendi. \u0130stanbul\u2019un d\u00f6rt kritik il\u00e7esinden biri olan \u0130stanbul Anadolu Cumhuriyet Ba\u015fsavc\u0131l\u0131\u011f\u0131 i\u00e7in dikkat \u00e7eken bir isim \u00f6ne \u00e7\u0131kt\u0131.<\/p>\n<p class=\"p1\"><strong>KUL\u0130SLERDE KAD\u0130R YILMAZ SESLER\u0130\u00a0<\/strong><\/p>\n<p class=\"p1\">SONTV\u2019nin edindi\u011fi bilgilere g\u00f6re, \u0130stanbul Anadolu Cumhuriyet Ba\u015fsavc\u0131l\u0131\u011f\u0131 g\u00f6revine hali haz\u0131rda g\u00f6rev yapan Ba\u015fsavc\u0131 Vekili Kadir Y\u0131lmaz\u2019\u0131n ad\u0131 kulislerde konu\u015fulmaya ba\u015flad\u0131.<\/p>\n<p class=\"p1\"><strong>ZAFER KO\u00c7 ANKARA\u2019YA G\u0130D\u0130YOR\u00a0<\/strong><\/p>\n<p class=\"p1\">Mevcut Ba\u015fsavc\u0131 Zafer Ko\u00e7\u2019un Ankara\u2019da ba\u015fka bir g\u00f6reve atanaca\u011f\u0131 \u00f6\u011frenildi. Bu geli\u015fmenin ard\u0131ndan, uzun s\u00fcredir Anadolu Adliyesi\u2019nde \u00f6ne \u00e7\u0131kan Ba\u015fsavc\u0131 Vekili Kadir Y\u0131lmaz\u2019\u0131n bo\u015falacak koltu\u011fa talip oldu\u011fu \u00f6zel kulislere yans\u0131d\u0131.<\/p>\n<p class=\"p1\"><strong>HSK\u2019DAN ANLIK B\u0130LG\u0130LER GELECEK<\/strong><\/p>\n<p class=\"p1\">HSK Birinci Daire\u2019de bug\u00fcn yap\u0131lacak ola\u011fan\u00fcst\u00fc toplant\u0131 \u00f6ncesinde, \u0130stanbul yarg\u0131 camias\u0131nda \u201cAnadolu\u2019ya Kadir Y\u0131lmaz m\u0131 geliyor?\u201d sorusu y\u00fcksek sesle art\u0131k konu\u015fulmaya\u00a0 ba\u015fland\u0131. SONTV, t\u00fcm geli\u015fmeleri HSK\u2019dan anbean aktarmaya devam edecek.<\/p>\n<p>SONTV Hakimler ve Savc\u0131lar Kurulu\u2019nda (HSK) bug\u00fcn yap\u0131lacak kritik toplant\u0131 \u00f6ncesi kulisler iyice hareketlendi. \u0130stanbul\u2019un d\u00f6rt kritik il\u00e7esinden biri olan \u0130stanbul Anadolu Cumhuriyet Ba\u015fsavc\u0131l\u0131\u011f\u0131 i\u00e7in dikkat \u00e7eken bir isim \u00f6ne \u00e7\u0131kt\u0131. KUL\u0130SLERDE KAD\u0130R YILMAZ SESLER\u0130\u00a0 SONTV\u2019nin edindi\u011fi bilgilere g\u00f6re, \u0130stanbul Anadolu Cumhuriyet Ba\u015fsavc\u0131l\u0131\u011f\u0131 g\u00f6revine hali haz\u0131rda g\u00f6rev yapan Ba\u015fsavc\u0131 Vekili Kadir Y\u0131lmaz\u2019\u0131n ad\u0131 kulislerde konu\u015fulmaya\u00a0<a href=\"https:\/\/www.son.tv\/hskda-kulisler-hareketli-anadolu-bassavciligi-icin-yeni-isim\/\" target=\"_blank\" class=\"feedzy-rss-link-icon\">Read More<\/a><\/p>","protected":false},"excerpt":{"rendered":"<p>SONTV Hakimler ve Savc\u0131lar Kurulu\u2019nda (HSK) bug\u00fcn yap\u0131lacak kritik toplant\u0131 \u00f6ncesi kulisler iyice hareketlendi. \u0130stanbul\u2019un d\u00f6rt kritik il\u00e7esinden biri olan \u0130stanbul Anadolu Cumhuriyet Ba\u015fsavc\u0131l\u0131\u011f\u0131 i\u00e7in dikkat \u00e7eken bir isim \u00f6ne \u00e7\u0131kt\u0131. KUL\u0130SLERDE KAD\u0130R YILMAZ SESLER\u0130\u00a0 SONTV\u2019nin edindi\u011fi bilgilere g\u00f6re, \u0130stanbul Anadolu Cumhuriyet Ba\u015fsavc\u0131l\u0131\u011f\u0131 g\u00f6revine hali haz\u0131rda g\u00f6rev yapan Ba\u015fsavc\u0131 Vekili Kadir Y\u0131lmaz\u2019\u0131n ad\u0131 kulislerde konu\u015fulmaya [&hellip;]<\/p>\n","protected":false},"author":1,"featured_media":0,"comment_status":"open","ping_status":"open","sticky":false,"template":"","format":"standard","meta":{"footnotes":"","_links_to":"","_links_to_target":""},"categories":[1],"tags":[],"class_list":["post-4919","post","type-post","status-publish","format-standard","hentry","category-haberler"],"_links":{"self":[{"href":"https:\/\/www.abchukuk.com\/index.php\/wp-json\/wp\/v2\/posts\/4919","targetHints":{"allow":["GET"]}}],"collection":[{"href":"https:\/\/www.abchukuk.com\/index.php\/wp-json\/wp\/v2\/posts"}],"about":[{"href":"https:\/\/www.abchukuk.com\/index.php\/wp-json\/wp\/v2\/types\/post"}],"author":[{"embeddable":true,"href":"https:\/\/www.abchukuk.com\/index.php\/wp-json\/wp\/v2\/users\/1"}],"replies":[{"embeddable":true,"href":"https:\/\/www.abchukuk.com\/index.php\/wp-json\/wp\/v2\/comments?post=4919"}],"version-history":[{"count":0,"href":"https:\/\/www.abchukuk.com\/index.php\/wp-json\/wp\/v2\/posts\/4919\/revisions"}],"wp:attachment":[{"href":"https:\/\/www.abchukuk.com\/index.php\/wp-json\/wp\/v2\/media?parent=4919"}],"wp:term":[{"taxonomy":"category","embeddable":true,"href":"https:\/\/www.abchukuk.com\/index.php\/wp-json\/wp\/v2\/categories?post=4919"},{"taxonomy":"post_tag","embeddable":true,"href":"https:\/\/www.abchukuk.com\/index.php\/wp-json\/wp\/v2\/tags?post=4919"}],"curies":[{"name":"wp","href":"https:\/\/api.w.org\/{rel}","templated":true}]}}