{"id":4917,"date":"2025-09-15T07:24:00","date_gmt":"2025-09-15T07:24:00","guid":{"rendered":"https:\/\/www.abchukuk.com\/index.php\/2025\/09\/15\/chp-kurultay-davasi-sezgin-tanrikulu-anayasaya-dikkat-cekti-mutlak-butlan-kararinin-verilecegini-dusunmuyorum\/"},"modified":"2025-09-15T07:24:00","modified_gmt":"2025-09-15T07:24:00","slug":"chp-kurultay-davasi-sezgin-tanrikulu-anayasaya-dikkat-cekti-mutlak-butlan-kararinin-verilecegini-dusunmuyorum","status":"publish","type":"post","link":"https:\/\/www.abchukuk.com\/index.php\/2025\/09\/15\/chp-kurultay-davasi-sezgin-tanrikulu-anayasaya-dikkat-cekti-mutlak-butlan-kararinin-verilecegini-dusunmuyorum\/","title":{"rendered":"CHP Kurultay davas\u0131&#8230; Sezgin Tanr\u0131kulu anayasaya dikkat \u00e7ekti: &#8216;Mutlak butlan karar\u0131n\u0131n verilece\u011fini d\u00fc\u015f\u00fcnm\u00fcyorum&#8217;"},"content":{"rendered":"<p>CHP Diyarbak\u0131r Milletvekili Sezgin Tanr\u0131kulu, &#8220;T\u00fcrkiye&#8217;de kurum olarak yarg\u0131 ba\u011f\u0131ms\u0131z ve tarafs\u0131z de\u011fil. Dolay\u0131s\u0131yla bu d\u00f6nem i\u00e7erisinde her t\u00fcrl\u00fc hukuk d\u0131\u015f\u0131, anayasa d\u0131\u015f\u0131, insan haklar\u0131na ayk\u0131r\u0131 her t\u00fcrl\u00fc karar al\u0131nd\u0131. Yak\u0131n zamanda da \u0130stanbul&#8217;da al\u0131nd\u0131. Ama ben tek tek yarg\u0131\u00e7lar\u0131n, yarg\u0131n\u0131n i\u00e7inde bulundu\u011fu bu kurumsal bask\u0131n\u0131n d\u0131\u015f\u0131nda kendi vicdanlar\u0131na, dosyaya, anayasaya uygun karar verme beklentisi i\u00e7erisinde oldu\u011fumuzu da belirtmek isterim&#8221; dedi.CHP Diyarbak\u0131r Milletvekili Sezgin Tanr\u0131kulu, &#8220;T\u00fcrkiye&#8217;de kurum olarak yarg\u0131 ba\u011f\u0131ms\u0131z ve tarafs\u0131z de\u011fil. Dolay\u0131s\u0131yla bu d\u00f6nem i\u00e7erisinde her t\u00fcrl\u00fc hukuk d\u0131\u015f\u0131, anayasa d\u0131\u015f\u0131, insan haklar\u0131na ayk\u0131r\u0131 her t\u00fcrl\u00fc karar al\u0131nd\u0131. Yak\u0131n zamanda da \u0130stanbul&#8217;da al\u0131nd\u0131. Ama ben tek tek yarg\u0131\u00e7lar\u0131n, yarg\u0131n\u0131n i\u00e7inde bulundu\u011fu bu kurumsal bask\u0131n\u0131n d\u0131\u015f\u0131nda kendi vicdanlar\u0131na, dosyaya, anayasaya uygun karar verme beklentisi i\u00e7erisinde oldu\u011fumuzu da belirtmek isterim&#8221; dedi.\u00a0<a href=\"https:\/\/www.cumhuriyet.com.tr\/siyaset\/chp-kurultay-davasi-sezgin-tanrikulu-anayasaya-dikkat-cekti-mutlak-butlan-kararinin-verilecegini-dusunmuyorum-2435180\" target=\"_blank\" class=\"feedzy-rss-link-icon\">Read More<\/a><\/p>","protected":false},"excerpt":{"rendered":"<p>CHP Diyarbak\u0131r Milletvekili Sezgin Tanr\u0131kulu, &#8220;T\u00fcrkiye&#8217;de kurum olarak yarg\u0131 ba\u011f\u0131ms\u0131z ve tarafs\u0131z de\u011fil. Dolay\u0131s\u0131yla bu d\u00f6nem i\u00e7erisinde her t\u00fcrl\u00fc hukuk d\u0131\u015f\u0131, anayasa d\u0131\u015f\u0131, insan haklar\u0131na ayk\u0131r\u0131 her t\u00fcrl\u00fc karar al\u0131nd\u0131. Yak\u0131n zamanda da \u0130stanbul&#8217;da al\u0131nd\u0131. Ama ben tek tek yarg\u0131\u00e7lar\u0131n, yarg\u0131n\u0131n i\u00e7inde bulundu\u011fu bu kurumsal bask\u0131n\u0131n d\u0131\u015f\u0131nda kendi vicdanlar\u0131na, dosyaya, anayasaya uygun karar verme beklentisi [&hellip;]<\/p>\n","protected":false},"author":1,"featured_media":4918,"comment_status":"open","ping_status":"open","sticky":false,"template":"","format":"standard","meta":{"footnotes":"","_links_to":"","_links_to_target":""},"categories":[1],"tags":[],"class_list":["post-4917","post","type-post","status-publish","format-standard","has-post-thumbnail","hentry","category-haberler"],"_links":{"self":[{"href":"https:\/\/www.abchukuk.com\/index.php\/wp-json\/wp\/v2\/posts\/4917","targetHints":{"allow":["GET"]}}],"collection":[{"href":"https:\/\/www.abchukuk.com\/index.php\/wp-json\/wp\/v2\/posts"}],"about":[{"href":"https:\/\/www.abchukuk.com\/index.php\/wp-json\/wp\/v2\/types\/post"}],"author":[{"embeddable":true,"href":"https:\/\/www.abchukuk.com\/index.php\/wp-json\/wp\/v2\/users\/1"}],"replies":[{"embeddable":true,"href":"https:\/\/www.abchukuk.com\/index.php\/wp-json\/wp\/v2\/comments?post=4917"}],"version-history":[{"count":0,"href":"https:\/\/www.abchukuk.com\/index.php\/wp-json\/wp\/v2\/posts\/4917\/revisions"}],"wp:featuredmedia":[{"embeddable":true,"href":"https:\/\/www.abchukuk.com\/index.php\/wp-json\/wp\/v2\/media\/4918"}],"wp:attachment":[{"href":"https:\/\/www.abchukuk.com\/index.php\/wp-json\/wp\/v2\/media?parent=4917"}],"wp:term":[{"taxonomy":"category","embeddable":true,"href":"https:\/\/www.abchukuk.com\/index.php\/wp-json\/wp\/v2\/categories?post=4917"},{"taxonomy":"post_tag","embeddable":true,"href":"https:\/\/www.abchukuk.com\/index.php\/wp-json\/wp\/v2\/tags?post=4917"}],"curies":[{"name":"wp","href":"https:\/\/api.w.org\/{rel}","templated":true}]}}